{"id":3857,"date":"2026-03-13T11:07:13","date_gmt":"2026-03-13T10:07:13","guid":{"rendered":"https:\/\/forraskut.hu\/?p=3857"},"modified":"2026-03-13T11:07:13","modified_gmt":"2026-03-13T10:07:13","slug":"marciusi-aktualitasok-a-falugazdasz-tajekoztatoja-4","status":"publish","type":"post","link":"https:\/\/forraskut.hu\/index.php\/marciusi-aktualitasok-a-falugazdasz-tajekoztatoja-4\/","title":{"rendered":"M\u00e1rciusi aktualit\u00e1sok- A falugazd\u00e1sz t\u00e1j\u00e9koztat\u00f3ja"},"content":{"rendered":"<p style=\"text-align: justify;\">Tisztelt Termel\u0151k !<\/p>\n<p style=\"text-align: justify;\">\n<p style=\"text-align: justify;\">A m\u00e1rciusi aktualit\u00e1sokkal kapcsolatosan a k\u00f6vetkez\u0151 inform\u00e1ci\u00f3kat osztan\u00e1m meg \u00d6n\u00f6kkel:<img loading=\"lazy\" decoding=\"async\" class=\" wp-image-3322 alignright\" src=\"https:\/\/forraskut.hu\/wp-content\/uploads\/2024\/10\/naklogo.png\" alt=\"\" width=\"182\" height=\"182\" srcset=\"https:\/\/forraskut.hu\/wp-content\/uploads\/2024\/10\/naklogo.png 225w, https:\/\/forraskut.hu\/wp-content\/uploads\/2024\/10\/naklogo-150x150.png 150w\" sizes=\"(max-width: 182px) 100vw, 182px\" \/><\/p>\n<p style=\"text-align: justify;\">Az 2025. \u00e9vi Egys\u00e9ges K\u00e9relemmel kapcsolatos aktualit\u00e1sok:<\/p>\n<p style=\"text-align: justify;\">A t\u00e1mogat\u00e1si \u00f6sszegek kifizet\u00e9se folyamatos, az esetleges ellen\u0151rz\u00e9sekben \u00e9rintett gazd\u00e1kn\u00e1l a t\u00e1mogat\u00e1si \u00f6sszegek kifizet\u00e9se k\u00e9shet . A teljes t\u00e1mogat\u00e1si \u00f6sszeget 2026. j\u00fanius 30-ig kell kifizetni\u00fck<\/p>\n<p style=\"text-align: justify;\">\u00a0\u00a0\u00a0\u00a0\u00a0\u00a0\u00a0\u00a0\u00a0\u00a0\u00a0 A m\u00e1sodvet\u00e9s id\u0151pontj\u00e1t a vet\u00e9s \/ \u00fcltet\u00e9s ut\u00e1n 15 nappal kellett bejelenteni. Az el\u0151zetesen betervezett m\u00e1sodvet\u00e9s csak akkor min\u0151s\u00fcl megval\u00f3sultnak, ha a t\u00e9nyleges id\u0151pont is bejelent\u00e9sre ker\u00fcl, majd az \u00e9v v\u00e9ge fel\u00e9 a betakar\u00edt\u00e1s id\u0151pontja is bejelent\u00e9sre ker\u00fcl. Err\u0151l az \u00fcgyf\u00e9lkapura is kaptak \u00e9rtes\u00edt\u00e9st. N\u00e9h\u00e1ny gazd\u00e1n\u00e1l van olyan \u00e1ttelel\u0151 kult\u00fara ( pl s\u00e1rgar\u00e9pa, petrezselyem stb), amely m\u00e9g nem ker\u00fclt betakar\u00edt\u00e1sra. Az a k\u00e9r\u00e9sem, amikor ezek betakar\u00edt\u00e1sra ker\u00fcltek, ezt jelezz\u00e9k fel\u00e9m!<!--more--><\/p>\n<p style=\"text-align: justify;\">Az elektronikus gazd\u00e1lkod\u00e1si napl\u00f3ba ker\u00fclt elhelyez\u00e9sre a <strong>nitr\u00e1t<\/strong> adatszolg\u00e1ltat\u00e1si fel\u00fclet, melynek a hat\u00e1rideje \u2013 ha nincs m\u00e1s adatszolg\u00e1ltat\u00e1si k\u00f6telezetts\u00e9g \u2013 <strong>2026. m\u00e1rcius 31<\/strong>.<\/p>\n<p style=\"text-align: justify;\">Az adatok r\u00f6gz\u00edt\u00e9s\u00e9ben korl\u00e1tozottan tudok seg\u00edts\u00e9get ny\u00fajtani, de a felt\u00f6lt\u00e9s id\u0151ig\u00e9nyes volta miatt az a k\u00e9r\u00e9sem, ha valaki seg\u00edts\u00e9get szeretne k\u00e9rni, id\u0151ben jelentkezzen.<\/p>\n<p style=\"text-align: justify;\">Ez a szab\u00e1lyoz\u00e1s azokra az \u00e1llattart\u00f3kra vonatkozik , akinek a gazdas\u00e1g\u00e1ban h\u00e1ztart\u00e1si c\u00e9lt meghalad\u00f3 \u00e1llattart\u00e1s folyik, azaz 5 \u00c1llategys\u00e9gn\u00e9l t\u00f6bb \u00e1llatot tart. ( Szarvasmarha tart\u00f3 gazd\u00e1k, Baromfitart\u00f3 gazd\u00e1k \u2026), illetve azokra a gazd\u00e1kra, akik nitr\u00e1t\u00e9rz\u00e9keny ter\u00fcleten gazd\u00e1lkodnak. A nitr\u00e1t\u00e9rz\u00e9keny ter\u00fcletre sz\u00f3l\u00f3 figyelmeztet\u0151 felh\u00edv\u00e1s a 2025-ben beny\u00fajtott Egys\u00e9ges K\u00e9relemben mindenkin\u00e9l megtal\u00e1lhat\u00f3.<\/p>\n<p style=\"text-align: justify;\">\u00a0\u00a0\u00a0\u00a0\u00a0\u00a0\u00a0\u00a0\u00a0\u00a0\u00a0 <strong>\u00c1prilisban elkezd\u0151dik a 2026. \u00e9vi Egys\u00e9ges K\u00e9relem beny\u00fajt\u00e1si id\u0151szaka !!!<\/strong><\/p>\n<p style=\"text-align: justify;\">Az err\u0151l sz\u00f3l\u00f3 rendeletek m\u00e9g nem jelentek meg, de alapjaiban nem fognak v\u00e1ltozni. Ez\u00e9rt az el\u0151z\u0151 \u00e9vi inform\u00e1ci\u00f3kat osztan\u00e1m meg \u00d6n\u00f6kkel .<\/p>\n<p style=\"text-align: justify;\">\n<p style=\"text-align: justify;\"><strong>A; Alapszint\u0171 j\u00f6vedelemt\u00e1mogat\u00e1s<\/strong>, \u00f6sszege kb. <strong>147 Euro\/hekt\u00e1r<\/strong> , minden termesztett kult\u00far\u00e1ra ig\u00e9nyelhet\u0151, <strong>k\u00f6telez\u0151<\/strong> eleme lesz <strong><u>a kondicionalit\u00e1s<\/u><\/strong> . Ismert elemeket tartalmaz, melyben a Helyes Mez\u0151gazdas\u00e1gi \u00e9s K\u00f6rnyezeti \u00c1llapot (HMK\u00c1 ) \u00e9s a Jogszab\u00e1lyban Foglalt Gazd\u00e1lkod\u00e1si K\u00f6vetelm\u00e9nyek (JFGK). Ezek a k\u00f6vetkez\u0151k :<\/p>\n<p style=\"text-align: justify;\"><strong>1; HMK\u00c1 1 \u00c1lland\u00f3 gyep fenntart\u00e1sa<\/strong> az \u00e1lland\u00f3 gyep mez\u0151gazdas\u00e1gi ter\u00fclethez viszony\u00edtott ar\u00e1nya alapj\u00e1n: Az el\u0151\u00edr\u00e1s eset\u00e9ben gazdas\u00e1g szint\u0171 k\u00f6telezetts\u00e9g nincs, orsz\u00e1gos szinten kell meg\u0151rizni az \u00e1lland\u00f3 gyepter\u00fcleteket a 2018-as referenciaar\u00e1nyhoz k\u00e9pest. Ez az ar\u00e1ny legfeljebb 5% -kal cs\u00f6kkenhet<\/p>\n<p style=\"text-align: justify;\"><strong>2; HMK\u00c1 2 Vizes \u00e9l\u0151helyek \u00e9s t\u0151zeges ter\u00fcletek v\u00e9delme<\/strong><\/p>\n<p style=\"text-align: justify;\"><strong>3; HMK\u00c1 3 &#8211; A sz\u00e1nt\u00f3f\u00f6ldi tarl\u00f3\u00e9get\u00e9s tilalma<\/strong>, kiv\u00e9ve n\u00f6v\u00e9ny-eg\u00e9szs\u00e9g\u00fcgyi okokb\u00f3l<\/p>\n<p style=\"text-align: justify;\"><strong>4; HMK\u00c1 4 &#8211; V\u00edzfoly\u00e1sok ment\u00e9n v\u00e9delmi s\u00e1vok kialak\u00edt\u00e1sa<\/strong>: m\u00e9rt 5 m\u00e9teres s\u00e1vban<\/p>\n<p style=\"text-align: justify;\"><strong>5; HMK\u00c1 5 &#8211; Talajm\u0171vel\u00e9s, a talajroml\u00e1s \u00e9s er\u00f3zi\u00f3 kock\u00e1zat\u00e1nak cs\u00f6kkent\u00e9se<\/strong>,<\/p>\n<p style=\"text-align: justify;\"><strong>6; HMK\u00c1 6 Minim\u00e1lis talajbor\u00edt\u00e1s<\/strong> a csupasz talaj elker\u00fcl\u00e9se \u00e9rdek\u00e9ben a leg\u00e9rz\u00e9kenyebb id\u0151szak(ok)ban : Fenn kell tartani a minim\u00e1lis talajbor\u00edt\u00e1st a ny\u00e1ri \u00e9s \u0151szi betakar\u00edt\u00e1s\u00fa kult\u00far\u00e1k leker\u00fcl\u00e9se ut\u00e1n,<\/p>\n<ul style=\"text-align: justify;\">\n<li>\u0151szi kult\u00fara vet\u00e9s\u00e9vel vagy<\/li>\n<li>a tarl\u00f3 szeptember 30-ig t\u00f6rt\u00e9n\u0151 meg\u0151rz\u00e9s\u00e9vel vagy legfeljebb sek\u00e9ly tarl\u00f3h\u00e1nt\u00e1s \u00e9s \u00e1pol\u00e1s, illetve k\u00f6z\u00e9pm\u00e9ly vagy m\u00e9ly talajlaz\u00edt\u00e1s elv\u00e9gz\u00e9s\u00e9vel<\/li>\n<\/ul>\n<p style=\"text-align: justify;\"><strong>7; HMK\u00c1 7 Sz\u00e1nt\u00f3f\u00f6ldi vet\u00e9sforg\u00f3<\/strong> : A vet\u00e9sv\u00e1lt\u00e1sra vonatkoz\u00f3 el\u0151\u00edr\u00e1sok hozz\u00e1j\u00e1rulnak a talajpotenci\u00e1l meg\u0151rz\u00e9s\u00e9hez, valamint a helyes n\u00f6v\u00e9nyi sorrend kialak\u00edt\u00e1s\u00e1val cs\u00f6kkenthet\u0151 a n\u00f6v\u00e9nyv\u00e9d\u0151szerek felhaszn\u00e1l\u00e1sa. A vet\u00e9sv\u00e1lt\u00e1s teh\u00e1t nemcsak n\u00f6v\u00e9nyv\u00e9delmi, n\u00f6v\u00e9nyeg\u00e9szs\u00e9g\u00fcgyi szempontb\u00f3l fontos, hanem a talaj v\u00e9delm\u00e9hez f\u0171z\u0151d\u0151 j\u00f3t\u00e9kony hat\u00e1s is nyomon k\u00f6vethet\u0151.<\/p>\n<p style=\"text-align: justify;\"><strong>8; HMK\u00c1 8 &#8211; Nem termel\u0151 ter\u00fcletek \u00e9s t\u00e1jk\u00e9pi elemek<\/strong> minim\u00e1lisan el\u0151\u00edrt ar\u00e1nya sz\u00e1nt\u00f3ter\u00fcleteken. Valamennyi mez\u0151gazdas\u00e1gi ter\u00fclet tekintet\u00e9ben a t\u00e1jk\u00e9pi elemek meg\u0151rz\u00e9se : gazdas\u00e1g szintj\u00e9n a sz\u00e1nt\u00f3ter\u00fclet legal\u00e1bb 4%-a nem termel\u00e9si c\u00e9l\u00fa ter\u00fclet vagy t\u00e1jk\u00e9pi elem legyen, bele\u00e9rtve a parlagon hagyott f\u00f6ldter\u00fcleteket is.<\/p>\n<p style=\"text-align: justify;\">Ezzel a t\u00e9nnyel k\u00e9rem, hogy a vet\u00e9sszerkezet \u00f6ssze\u00e1ll\u00edt\u00e1s\u00e1n\u00e1l sz\u00e1moljanak. Egy\u00e9b inform\u00e1ci\u00f3k, tudnival\u00f3k tekintet\u00e9ben, annak ismeret\u00e9ben a k\u00f6vetkez\u0151 sz\u00e1mokban \u00e9rtes\u00edt\u00e9ssel leszek<\/p>\n<p style=\"text-align: justify;\"><strong>B;<\/strong> <strong>\u00dajraeloszt\u00e1si t\u00e1mogat\u00e1s<\/strong>, <strong>10 hekt\u00e1rig kb. 80<\/strong> Euro\/hekt\u00e1r, <strong>10 \u00e9s 150<\/strong> hekt\u00e1r k\u00f6z\u00f6tt a <strong>10 hekt\u00e1r feletti r\u00e9szre 40<\/strong> Euro\/hekt\u00e1r.<\/p>\n<p style=\"text-align: justify;\"><strong>C;<\/strong> <strong>Agro\u00f6kol\u00f3giai program<\/strong>, mely a k\u00f6rnyezetv\u00e9delmi \u00e9s biodiverzit\u00e1s meg\u0151rz\u00e9si elemeket tartalmazza. Ez <strong>\u00f6nk\u00e9ntes v\u00e1laszt\u00e1son alapul<\/strong>, de ha valaki v\u00e1llalja a teljes\u00edt\u00e9st, akkor a teljes gazdas\u00e1gra kell ezeket v\u00e1llalni . \u00d6sszege kb.<strong>81 Euro\/ hekt\u00e1r<\/strong> . 2 pont\u00e9rt\u00e9k\u0171 v\u00e1llal\u00e1st kell teljes\u00edteni, melyet melyet a k\u00f6vetkez\u0151 lehet\u0151s\u00e9gek k\u00f6z\u00fcl lehet teljes\u00edteni :<\/p>\n<p style=\"text-align: justify;\"><strong>Sz\u00e1nt\u00f3 f\u00f6ldhaszn\u00e1lati kateg\u00f3ria eset\u00e9n v\u00e1laszthat\u00f3 gyakorlatok<\/strong><\/p>\n<p style=\"text-align: justify;\">Talajtakar\u00e1s sz\u00e1nt\u00f3ter\u00fcleteken, N\u00f6v\u00e9nytermeszt\u00e9s diverzifik\u00e1ci\u00f3ja, \u00d6kol\u00f3giai jelent\u0151s\u00e9g\u0171 ter\u00fcletek kijel\u00f6l\u00e9se, T\u00e1blam\u00e9ret korl\u00e1toz\u00e1s, M\u00e9hekre vesz\u00e9lyes szerek haszn\u00e1lati tilalma sz\u00e1nt\u00f3n, Karbamid m\u0171tr\u00e1gya haszn\u00e1lat sz\u00e1nt\u00f3f\u00f6ldi ter\u00fcleten, Mikrobiol\u00f3giai k\u00e9sz\u00edtm\u00e9nyek alkalmaz\u00e1sa sz\u00e1nt\u00f3f\u00f6ldi ter\u00fcleten, Talaj\/n\u00f6v\u00e9nykond\u00edci\u00f3n\u00e1l\u00f3 szerek alkalmaz\u00e1sa sz\u00e1nt\u00f3f\u00f6ldi ter\u00fcleten, Forgat\u00e1s n\u00e9lk\u00fcli talajm\u0171vel\u00e9s<\/p>\n<p style=\"text-align: justify;\">, \u00a0\u00a0\u00a0\u00a0\u00a0\u00a0\u00a0\u00a0\u00a0 <strong>Gyep f\u00f6ldhaszn\u00e1lati kateg\u00f3ria eset\u00e9n v\u00e1laszthat\u00f3 gyakorlatok<\/strong><\/p>\n<p style=\"text-align: justify;\">Gyepek meg\u0151rz\u00e9se, P\u00e1sztorl\u00f3 vagy szakaszos legeltet\u00e9s, A gyepek legal\u00e1bb \u00e9vi egyszeri kasz\u00e1l\u00e1sa, Kiz\u00e1r\u00f3lag altern\u00e1l\u00f3 kasza haszn\u00e1lata<\/p>\n<p style=\"text-align: justify;\"><strong>\u00dcltetv\u00e9ny f\u00f6ldhaszn\u00e1lati kateg\u00f3ria eset\u00e9n v\u00e1laszthat\u00f3 gyakorlatok<\/strong><\/p>\n<p style=\"text-align: justify;\">Mikro\u00f6nt\u00f6z\u00e9si technol\u00f3gi\u00e1k alkalmaz\u00e1sa az \u00fcltetv\u00e9nyter\u00fclet legal\u00e1bb 50 %-\u00e1n, M\u00e9hekre vesz\u00e9lyes szerek haszn\u00e1lati tilalma \u00fcltetv\u00e9nyekben, Biol\u00f3giai \u00e1gensek alkalmaz\u00e1sa \u00fcltetv\u00e9nyekben, Mikrobiol\u00f3giai k\u00e9sz\u00edtm\u00e9nyek alkalmaz\u00e1sa \u00fcltetv\u00e9nyekben, Talaj\/n\u00f6v\u00e9nykond\u00edci\u00f3n\u00e1l\u00f3 szerek alkalmaz\u00e1sa \u00fcltetv\u00e9nyekben, \u00dcltetv\u00e9nyek talajtakar\u00e1sa \u00e9vel\u0151 kult\u00far\u00e1k fenntart\u00e1s\u00e1val vagy gyepes\u00edt\u00e9ssel, Karbamid m\u0171tr\u00e1gya haszn\u00e1lat \u00fcltetv\u00e9nyekben.<\/p>\n<p style=\"text-align: justify;\">\u00a0\u00a0\u00a0\u00a0\u00a0\u00a0\u00a0\u00a0\u00a0\u00a0\u00a0 Az al\u00e1\u00edrt rendeletek \u00e9s t\u00e1mogat\u00e1si felt\u00e9telek ismeret\u00e9ben \u00e1prilis h\u00f3napban megjelen\u0151 \u00dajs\u00e1gban\u00a0\u00a0\u00a0\u00a0 t\u00e1j\u00e9koztatni fogom \u00d6n\u00f6ket. K\u00e9rd\u00e9s eset\u00e9n keressenek !<\/p>\n<p style=\"text-align: justify;\">Az aktu\u00e1lis p\u00e1ly\u00e1zati lehet\u0151s\u00e9gek ( Mez\u0151gazdas\u00e1gi Kis\u00fczemek t\u00e1mogat\u00e1sa, Gazdas\u00e1g\u00e1tad\u00e1si t\u00e1mogat\u00e1s, \u00d6nt\u00f6z\u00e9sfejleszt\u00e9si beruh\u00e1z\u00e1sok t\u00e1mogat\u00e1sa, Kis vizes \u00e9l\u0151helyek kialak\u00edt\u00e1sa \u00a0stb. )a <u>www.palyazat.gov.hu<\/u>, \u00a0<a href=\"http:\/\/www.kap.gov.hu\">www.kap.gov.hu<\/a> , <a href=\"http:\/\/www.fvm.hu\/\">www.fvm.hu<\/a> \u00a0, a <a href=\"http:\/\/www.mvh.gov.hu\/\">www.mvh.gov.hu<\/a> \u00e9s a <a href=\"http:\/\/www.nak.hu\">www.nak.hu<\/a> honlapokon megtal\u00e1lhat\u00f3k, k\u00e9rem figyelj\u00e9k ezeket az oldalakat.<\/p>\n<p style=\"text-align: justify;\">Az \u00fcgyf\u00e9lfogad\u00e1si rend az elektronikus Gazd\u00e1lkod\u00e1si \u00e9s Permetez\u00e9si napl\u00f3 vezet\u00e9ssel kapcsolatos feladatok miatt , valamint az Egys\u00e9ges K\u00e9relem 2026. \u00e9vi beny\u00fajt\u00e1s\u00e1val kapcsolatos tov\u00e1bbk\u00e9pz\u00e9sek miatt m\u00f3dosult , a fix \u00fcgyf\u00e9lfogad\u00e1s ideje kevesebb lesz. A pontos \u00fcgyf\u00e9lfogad\u00e1si rend az Iroda ajtaj\u00e1n\u00e1l megtal\u00e1lhat\u00f3. Telefonos egyeztet\u00e9s alapj\u00e1n lehets\u00e9ges az \u00fcgyf\u00e9lfogad\u00e1si id\u0151n k\u00edv\u00fcli \u00fcgyint\u00e9z\u00e9s is.<\/p>\n<p style=\"text-align: justify;\">\n<p style=\"text-align: justify;\">A telefonsz\u00e1mom : 06-30\/337-2520<\/p>\n<p style=\"text-align: justify;\">E-mail c\u00edmem: gyuris.ferenc2@nak.hu<\/p>\n<p style=\"text-align: justify;\">Facebookon \/ Messengeren is el\u00e9rhet\u0151 vagyok Gyuris Ferenc n\u00e9ven.<\/p>\n<p style=\"text-align: justify;\">K\u00e9rd\u00e9sek eset\u00e9n \u00e1llok rendelkez\u00e9s\u00fckre.<\/p>\n<p style=\"text-align: justify;\">\n<p style=\"text-align: justify;\"><strong>\u00a0\u00a0\u00a0\u00a0\u00a0\u00a0\u00a0\u00a0\u00a0\u00a0\u00a0\u00a0\u00a0\u00a0\u00a0\u00a0\u00a0\u00a0\u00a0\u00a0\u00a0\u00a0\u00a0\u00a0\u00a0\u00a0\u00a0\u00a0\u00a0\u00a0\u00a0\u00a0\u00a0\u00a0\u00a0\u00a0\u00a0\u00a0\u00a0\u00a0\u00a0\u00a0\u00a0\u00a0\u00a0\u00a0\u00a0\u00a0\u00a0\u00a0\u00a0\u00a0\u00a0\u00a0\u00a0\u00a0\u00a0\u00a0\u00a0\u00a0\u00a0\u00a0\u00a0\u00a0\u00a0\u00a0\u00a0\u00a0\u00a0\u00a0 Tisztelettel : Nemzeti Agr\u00e1rgazdas\u00e1gi Kamara<\/strong><\/p>\n<p style=\"text-align: justify;\"><strong>\u00a0\u00a0\u00a0\u00a0\u00a0\u00a0\u00a0\u00a0\u00a0\u00a0\u00a0\u00a0\u00a0\u00a0\u00a0\u00a0\u00a0\u00a0\u00a0\u00a0\u00a0\u00a0\u00a0\u00a0\u00a0\u00a0\u00a0\u00a0\u00a0\u00a0\u00a0\u00a0\u00a0\u00a0\u00a0\u00a0\u00a0\u00a0\u00a0\u00a0\u00a0\u00a0\u00a0\u00a0\u00a0\u00a0\u00a0\u00a0\u00a0\u00a0\u00a0\u00a0\u00a0\u00a0\u00a0\u00a0\u00a0\u00a0\u00a0\u00a0\u00a0\u00a0\u00a0\u00a0\u00a0\u00a0\u00a0\u00a0\u00a0\u00a0\u00a0\u00a0\u00a0\u00a0\u00a0\u00a0\u00a0\u00a0\u00a0\u00a0\u00a0\u00a0\u00a0\u00a0\u00a0\u00a0\u00a0\u00a0\u00a0\u00a0\u00a0\u00a0\u00a0 Gyuris Ferenc falugazd\u00e1sz<\/strong><\/p>\n<p style=\"text-align: justify;\"><strong>\u00a0<\/strong><\/p>\n","protected":false},"excerpt":{"rendered":"<p>Tisztelt Termel\u0151k ! A m\u00e1rciusi aktualit\u00e1sokkal kapcsolatosan a k\u00f6vetkez\u0151 inform\u00e1ci\u00f3kat osztan\u00e1m meg \u00d6n\u00f6kkel: Az 2025. \u00e9vi Egys\u00e9ges K\u00e9relemmel kapcsolatos aktualit\u00e1sok: A t\u00e1mogat\u00e1si \u00f6sszegek kifizet\u00e9se folyamatos, az esetleges ellen\u0151rz\u00e9sekben \u00e9rintett gazd\u00e1kn\u00e1l a t\u00e1mogat\u00e1si \u00f6sszegek kifizet\u00e9se k\u00e9shet . A teljes t\u00e1mogat\u00e1si \u00f6sszeget 2026. j\u00fanius 30-ig kell kifizetni\u00fck \u00a0\u00a0\u00a0\u00a0\u00a0\u00a0\u00a0\u00a0\u00a0\u00a0\u00a0 A m\u00e1sodvet\u00e9s id\u0151pontj\u00e1t a vet\u00e9s \/ \u00fcltet\u00e9s ut\u00e1n 15 [&hellip;]<\/p>\n","protected":false},"author":2,"featured_media":0,"comment_status":"closed","ping_status":"open","sticky":false,"template":"","format":"standard","meta":{"_exactmetrics_skip_tracking":false,"_exactmetrics_sitenote_active":false,"_exactmetrics_sitenote_note":"","_exactmetrics_sitenote_category":0,"footnotes":""},"categories":[12],"tags":[],"yoast_head":"<!-- This site is optimized with the Yoast SEO plugin v23.4 - https:\/\/yoast.com\/wordpress\/plugins\/seo\/ -->\n<title>M\u00e1rciusi aktualit\u00e1sok- A falugazd\u00e1sz t\u00e1j\u00e9koztat\u00f3ja - forraskut.hu<\/title>\n<meta name=\"robots\" content=\"index, follow, max-snippet:-1, max-image-preview:large, max-video-preview:-1\" \/>\n<link rel=\"canonical\" href=\"https:\/\/forraskut.hu\/index.php\/marciusi-aktualitasok-a-falugazdasz-tajekoztatoja-4\/\" \/>\n<meta property=\"og:locale\" content=\"hu_HU\" \/>\n<meta property=\"og:type\" content=\"article\" \/>\n<meta property=\"og:title\" content=\"M\u00e1rciusi aktualit\u00e1sok- A falugazd\u00e1sz t\u00e1j\u00e9koztat\u00f3ja - forraskut.hu\" \/>\n<meta property=\"og:description\" content=\"Tisztelt Termel\u0151k ! A m\u00e1rciusi aktualit\u00e1sokkal kapcsolatosan a k\u00f6vetkez\u0151 inform\u00e1ci\u00f3kat osztan\u00e1m meg \u00d6n\u00f6kkel: Az 2025. \u00e9vi Egys\u00e9ges K\u00e9relemmel kapcsolatos aktualit\u00e1sok: A t\u00e1mogat\u00e1si \u00f6sszegek kifizet\u00e9se folyamatos, az esetleges ellen\u0151rz\u00e9sekben \u00e9rintett gazd\u00e1kn\u00e1l a t\u00e1mogat\u00e1si \u00f6sszegek kifizet\u00e9se k\u00e9shet . A teljes t\u00e1mogat\u00e1si \u00f6sszeget 2026. j\u00fanius 30-ig kell kifizetni\u00fck \u00a0\u00a0\u00a0\u00a0\u00a0\u00a0\u00a0\u00a0\u00a0\u00a0\u00a0 A m\u00e1sodvet\u00e9s id\u0151pontj\u00e1t a vet\u00e9s \/ \u00fcltet\u00e9s ut\u00e1n 15 [&hellip;]\" \/>\n<meta property=\"og:url\" content=\"https:\/\/forraskut.hu\/index.php\/marciusi-aktualitasok-a-falugazdasz-tajekoztatoja-4\/\" \/>\n<meta property=\"og:site_name\" content=\"forraskut.hu\" \/>\n<meta property=\"article:published_time\" content=\"2026-03-13T10:07:13+00:00\" \/>\n<meta property=\"og:image\" content=\"https:\/\/forraskut.hu\/wp-content\/uploads\/2024\/10\/naklogo.png\" \/>\n<meta name=\"author\" content=\"\u00d6rd\u00f6g Attila\" \/>\n<meta name=\"twitter:card\" content=\"summary_large_image\" \/>\n<meta name=\"twitter:label1\" content=\"Szerz\u0151:\" \/>\n\t<meta name=\"twitter:data1\" content=\"\u00d6rd\u00f6g Attila\" \/>\n\t<meta name=\"twitter:label2\" content=\"Becs\u00fclt olvas\u00e1si id\u0151\" \/>\n\t<meta name=\"twitter:data2\" content=\"5 perc\" \/>\n<script type=\"application\/ld+json\" class=\"yoast-schema-graph\">{\"@context\":\"https:\/\/schema.org\",\"@graph\":[{\"@type\":\"WebPage\",\"@id\":\"https:\/\/forraskut.hu\/index.php\/marciusi-aktualitasok-a-falugazdasz-tajekoztatoja-4\/\",\"url\":\"https:\/\/forraskut.hu\/index.php\/marciusi-aktualitasok-a-falugazdasz-tajekoztatoja-4\/\",\"name\":\"M\u00e1rciusi aktualit\u00e1sok- A falugazd\u00e1sz t\u00e1j\u00e9koztat\u00f3ja - forraskut.hu\",\"isPartOf\":{\"@id\":\"https:\/\/forraskut.hu\/#website\"},\"primaryImageOfPage\":{\"@id\":\"https:\/\/forraskut.hu\/index.php\/marciusi-aktualitasok-a-falugazdasz-tajekoztatoja-4\/#primaryimage\"},\"image\":{\"@id\":\"https:\/\/forraskut.hu\/index.php\/marciusi-aktualitasok-a-falugazdasz-tajekoztatoja-4\/#primaryimage\"},\"thumbnailUrl\":\"https:\/\/forraskut.hu\/wp-content\/uploads\/2024\/10\/naklogo.png\",\"datePublished\":\"2026-03-13T10:07:13+00:00\",\"dateModified\":\"2026-03-13T10:07:13+00:00\",\"author\":{\"@id\":\"https:\/\/forraskut.hu\/#\/schema\/person\/c9a884f241d1fd71f26c9493a315dfcc\"},\"breadcrumb\":{\"@id\":\"https:\/\/forraskut.hu\/index.php\/marciusi-aktualitasok-a-falugazdasz-tajekoztatoja-4\/#breadcrumb\"},\"inLanguage\":\"hu\",\"potentialAction\":[{\"@type\":\"ReadAction\",\"target\":[\"https:\/\/forraskut.hu\/index.php\/marciusi-aktualitasok-a-falugazdasz-tajekoztatoja-4\/\"]}]},{\"@type\":\"ImageObject\",\"inLanguage\":\"hu\",\"@id\":\"https:\/\/forraskut.hu\/index.php\/marciusi-aktualitasok-a-falugazdasz-tajekoztatoja-4\/#primaryimage\",\"url\":\"https:\/\/forraskut.hu\/wp-content\/uploads\/2024\/10\/naklogo.png\",\"contentUrl\":\"https:\/\/forraskut.hu\/wp-content\/uploads\/2024\/10\/naklogo.png\",\"width\":225,\"height\":225},{\"@type\":\"BreadcrumbList\",\"@id\":\"https:\/\/forraskut.hu\/index.php\/marciusi-aktualitasok-a-falugazdasz-tajekoztatoja-4\/#breadcrumb\",\"itemListElement\":[{\"@type\":\"ListItem\",\"position\":1,\"name\":\"Kezd\u0151lap\",\"item\":\"https:\/\/forraskut.hu\/\"},{\"@type\":\"ListItem\",\"position\":2,\"name\":\"M\u00e1rciusi aktualit\u00e1sok- A falugazd\u00e1sz t\u00e1j\u00e9koztat\u00f3ja\"}]},{\"@type\":\"WebSite\",\"@id\":\"https:\/\/forraskut.hu\/#website\",\"url\":\"https:\/\/forraskut.hu\/\",\"name\":\"forraskut.hu\",\"description\":\"Forr\u00e1sk\u00fat k\u00f6zs\u00e9g hivatalos weboldala\",\"potentialAction\":[{\"@type\":\"SearchAction\",\"target\":{\"@type\":\"EntryPoint\",\"urlTemplate\":\"https:\/\/forraskut.hu\/?s={search_term_string}\"},\"query-input\":{\"@type\":\"PropertyValueSpecification\",\"valueRequired\":true,\"valueName\":\"search_term_string\"}}],\"inLanguage\":\"hu\"},{\"@type\":\"Person\",\"@id\":\"https:\/\/forraskut.hu\/#\/schema\/person\/c9a884f241d1fd71f26c9493a315dfcc\",\"name\":\"\u00d6rd\u00f6g Attila\",\"image\":{\"@type\":\"ImageObject\",\"inLanguage\":\"hu\",\"@id\":\"https:\/\/forraskut.hu\/#\/schema\/person\/image\/\",\"url\":\"https:\/\/secure.gravatar.com\/avatar\/0957bfecd96d82739b49153153303524?s=96&d=mm&r=g\",\"contentUrl\":\"https:\/\/secure.gravatar.com\/avatar\/0957bfecd96d82739b49153153303524?s=96&d=mm&r=g\",\"caption\":\"\u00d6rd\u00f6g Attila\"},\"url\":\"https:\/\/forraskut.hu\/index.php\/author\/webmester\/\"}]}<\/script>\n<!-- \/ Yoast SEO plugin. -->","yoast_head_json":{"title":"M\u00e1rciusi aktualit\u00e1sok- A falugazd\u00e1sz t\u00e1j\u00e9koztat\u00f3ja - forraskut.hu","robots":{"index":"index","follow":"follow","max-snippet":"max-snippet:-1","max-image-preview":"max-image-preview:large","max-video-preview":"max-video-preview:-1"},"canonical":"https:\/\/forraskut.hu\/index.php\/marciusi-aktualitasok-a-falugazdasz-tajekoztatoja-4\/","og_locale":"hu_HU","og_type":"article","og_title":"M\u00e1rciusi aktualit\u00e1sok- A falugazd\u00e1sz t\u00e1j\u00e9koztat\u00f3ja - forraskut.hu","og_description":"Tisztelt Termel\u0151k ! A m\u00e1rciusi aktualit\u00e1sokkal kapcsolatosan a k\u00f6vetkez\u0151 inform\u00e1ci\u00f3kat osztan\u00e1m meg \u00d6n\u00f6kkel: Az 2025. \u00e9vi Egys\u00e9ges K\u00e9relemmel kapcsolatos aktualit\u00e1sok: A t\u00e1mogat\u00e1si \u00f6sszegek kifizet\u00e9se folyamatos, az esetleges ellen\u0151rz\u00e9sekben \u00e9rintett gazd\u00e1kn\u00e1l a t\u00e1mogat\u00e1si \u00f6sszegek kifizet\u00e9se k\u00e9shet . A teljes t\u00e1mogat\u00e1si \u00f6sszeget 2026. j\u00fanius 30-ig kell kifizetni\u00fck \u00a0\u00a0\u00a0\u00a0\u00a0\u00a0\u00a0\u00a0\u00a0\u00a0\u00a0 A m\u00e1sodvet\u00e9s id\u0151pontj\u00e1t a vet\u00e9s \/ \u00fcltet\u00e9s ut\u00e1n 15 [&hellip;]","og_url":"https:\/\/forraskut.hu\/index.php\/marciusi-aktualitasok-a-falugazdasz-tajekoztatoja-4\/","og_site_name":"forraskut.hu","article_published_time":"2026-03-13T10:07:13+00:00","og_image":[{"url":"https:\/\/forraskut.hu\/wp-content\/uploads\/2024\/10\/naklogo.png"}],"author":"\u00d6rd\u00f6g Attila","twitter_card":"summary_large_image","twitter_misc":{"Szerz\u0151:":"\u00d6rd\u00f6g Attila","Becs\u00fclt olvas\u00e1si id\u0151":"5 perc"},"schema":{"@context":"https:\/\/schema.org","@graph":[{"@type":"WebPage","@id":"https:\/\/forraskut.hu\/index.php\/marciusi-aktualitasok-a-falugazdasz-tajekoztatoja-4\/","url":"https:\/\/forraskut.hu\/index.php\/marciusi-aktualitasok-a-falugazdasz-tajekoztatoja-4\/","name":"M\u00e1rciusi aktualit\u00e1sok- A falugazd\u00e1sz t\u00e1j\u00e9koztat\u00f3ja - forraskut.hu","isPartOf":{"@id":"https:\/\/forraskut.hu\/#website"},"primaryImageOfPage":{"@id":"https:\/\/forraskut.hu\/index.php\/marciusi-aktualitasok-a-falugazdasz-tajekoztatoja-4\/#primaryimage"},"image":{"@id":"https:\/\/forraskut.hu\/index.php\/marciusi-aktualitasok-a-falugazdasz-tajekoztatoja-4\/#primaryimage"},"thumbnailUrl":"https:\/\/forraskut.hu\/wp-content\/uploads\/2024\/10\/naklogo.png","datePublished":"2026-03-13T10:07:13+00:00","dateModified":"2026-03-13T10:07:13+00:00","author":{"@id":"https:\/\/forraskut.hu\/#\/schema\/person\/c9a884f241d1fd71f26c9493a315dfcc"},"breadcrumb":{"@id":"https:\/\/forraskut.hu\/index.php\/marciusi-aktualitasok-a-falugazdasz-tajekoztatoja-4\/#breadcrumb"},"inLanguage":"hu","potentialAction":[{"@type":"ReadAction","target":["https:\/\/forraskut.hu\/index.php\/marciusi-aktualitasok-a-falugazdasz-tajekoztatoja-4\/"]}]},{"@type":"ImageObject","inLanguage":"hu","@id":"https:\/\/forraskut.hu\/index.php\/marciusi-aktualitasok-a-falugazdasz-tajekoztatoja-4\/#primaryimage","url":"https:\/\/forraskut.hu\/wp-content\/uploads\/2024\/10\/naklogo.png","contentUrl":"https:\/\/forraskut.hu\/wp-content\/uploads\/2024\/10\/naklogo.png","width":225,"height":225},{"@type":"BreadcrumbList","@id":"https:\/\/forraskut.hu\/index.php\/marciusi-aktualitasok-a-falugazdasz-tajekoztatoja-4\/#breadcrumb","itemListElement":[{"@type":"ListItem","position":1,"name":"Kezd\u0151lap","item":"https:\/\/forraskut.hu\/"},{"@type":"ListItem","position":2,"name":"M\u00e1rciusi aktualit\u00e1sok- A falugazd\u00e1sz t\u00e1j\u00e9koztat\u00f3ja"}]},{"@type":"WebSite","@id":"https:\/\/forraskut.hu\/#website","url":"https:\/\/forraskut.hu\/","name":"forraskut.hu","description":"Forr\u00e1sk\u00fat k\u00f6zs\u00e9g hivatalos weboldala","potentialAction":[{"@type":"SearchAction","target":{"@type":"EntryPoint","urlTemplate":"https:\/\/forraskut.hu\/?s={search_term_string}"},"query-input":{"@type":"PropertyValueSpecification","valueRequired":true,"valueName":"search_term_string"}}],"inLanguage":"hu"},{"@type":"Person","@id":"https:\/\/forraskut.hu\/#\/schema\/person\/c9a884f241d1fd71f26c9493a315dfcc","name":"\u00d6rd\u00f6g Attila","image":{"@type":"ImageObject","inLanguage":"hu","@id":"https:\/\/forraskut.hu\/#\/schema\/person\/image\/","url":"https:\/\/secure.gravatar.com\/avatar\/0957bfecd96d82739b49153153303524?s=96&d=mm&r=g","contentUrl":"https:\/\/secure.gravatar.com\/avatar\/0957bfecd96d82739b49153153303524?s=96&d=mm&r=g","caption":"\u00d6rd\u00f6g Attila"},"url":"https:\/\/forraskut.hu\/index.php\/author\/webmester\/"}]}},"_links":{"self":[{"href":"https:\/\/forraskut.hu\/index.php\/wp-json\/wp\/v2\/posts\/3857"}],"collection":[{"href":"https:\/\/forraskut.hu\/index.php\/wp-json\/wp\/v2\/posts"}],"about":[{"href":"https:\/\/forraskut.hu\/index.php\/wp-json\/wp\/v2\/types\/post"}],"author":[{"embeddable":true,"href":"https:\/\/forraskut.hu\/index.php\/wp-json\/wp\/v2\/users\/2"}],"replies":[{"embeddable":true,"href":"https:\/\/forraskut.hu\/index.php\/wp-json\/wp\/v2\/comments?post=3857"}],"version-history":[{"count":1,"href":"https:\/\/forraskut.hu\/index.php\/wp-json\/wp\/v2\/posts\/3857\/revisions"}],"predecessor-version":[{"id":3858,"href":"https:\/\/forraskut.hu\/index.php\/wp-json\/wp\/v2\/posts\/3857\/revisions\/3858"}],"wp:attachment":[{"href":"https:\/\/forraskut.hu\/index.php\/wp-json\/wp\/v2\/media?parent=3857"}],"wp:term":[{"taxonomy":"category","embeddable":true,"href":"https:\/\/forraskut.hu\/index.php\/wp-json\/wp\/v2\/categories?post=3857"},{"taxonomy":"post_tag","embeddable":true,"href":"https:\/\/forraskut.hu\/index.php\/wp-json\/wp\/v2\/tags?post=3857"}],"curies":[{"name":"wp","href":"https:\/\/api.w.org\/{rel}","templated":true}]}}