{"id":3808,"date":"2026-01-12T14:47:05","date_gmt":"2026-01-12T13:47:05","guid":{"rendered":"https:\/\/forraskut.hu\/?p=3808"},"modified":"2026-01-12T14:47:05","modified_gmt":"2026-01-12T13:47:05","slug":"januari-aktualitasok-a-falugazdasz-tajekoztatoja-3","status":"publish","type":"post","link":"https:\/\/forraskut.hu\/index.php\/januari-aktualitasok-a-falugazdasz-tajekoztatoja-3\/","title":{"rendered":"Janu\u00e1ri aktualit\u00e1sok &#8211; A falugazd\u00e1sz t\u00e1j\u00e9koztat\u00f3ja"},"content":{"rendered":"<p style=\"text-align: justify;\">Tisztelt Termel\u0151k !<\/p>\n<p style=\"text-align: justify;\">\n<p style=\"text-align: justify;\">El\u0151sz\u00f6r is Minden Kedves \u00dcgyfelemnek sikerekben , eredm\u00e9nyekben \u00e9s eg\u00e9szs\u00e9gben gazdag Boldog \u00daj\u00e9vet k\u00edv\u00e1nok !<img loading=\"lazy\" decoding=\"async\" class=\" wp-image-3322 alignright\" src=\"https:\/\/forraskut.hu\/wp-content\/uploads\/2024\/10\/naklogo.png\" alt=\"\" width=\"160\" height=\"160\" srcset=\"https:\/\/forraskut.hu\/wp-content\/uploads\/2024\/10\/naklogo.png 225w, https:\/\/forraskut.hu\/wp-content\/uploads\/2024\/10\/naklogo-150x150.png 150w\" sizes=\"(max-width: 160px) 100vw, 160px\" \/><\/p>\n<p style=\"text-align: justify;\">A janu\u00e1ri aktualit\u00e1sokkal kapcsolatosan a k\u00f6vetkez\u0151 inform\u00e1ci\u00f3kat osztan\u00e1m meg \u00d6n\u00f6kkel<\/p>\n<p style=\"text-align: justify;\">Az Egys\u00e9ges K\u00e9relemmel kapcsolatos aktualit\u00e1sok:<\/p>\n<p style=\"text-align: justify;\">A t\u00e1mogat\u00e1si \u00f6sszegek kifizet\u00e9se janu\u00e1r 15 ut\u00e1n kezd\u0151dik ism\u00e9t, , a kifizet\u00e9s folyamatos, az esetleges ellen\u0151rz\u00e9sekben \u00e9rintett gazd\u00e1kn\u00e1l a t\u00e1mogat\u00e1si \u00f6sszegek kifizet\u00e9se k\u00e9shet . A teljes t\u00e1mogat\u00e1si \u00f6sszeget 2026. j\u00fanius 30-ig kell kifizetni\u00fck.<!--more--><\/p>\n<p style=\"text-align: justify;\">\u00a0\u00a0\u00a0\u00a0\u00a0\u00a0\u00a0\u00a0\u00a0\u00a0\u00a0 <strong>A m\u00e1sodvet\u00e9s<\/strong> id\u0151pontj\u00e1t a vet\u00e9s \/ \u00fcltet\u00e9s ut\u00e1n 15 nappal kellett bejelenteni. Az el\u0151zetesen betervezett m\u00e1sodvet\u00e9s csak akkor min\u0151s\u00fcl megval\u00f3sultnak, ha a t\u00e9nyleges id\u0151pont is bejelent\u00e9sre ker\u00fcl, majd az \u00e9v v\u00e9ge fel\u00e9 <strong>a betakar\u00edt\u00e1s id\u0151pontja is bejelent\u00e9sre ker\u00fcl<\/strong>. A betakar\u00edt\u00e1s bejelent\u00e9se befoly\u00e1solhatja a kifizet\u00e9sek id\u0151pontj\u00e1t is, ez\u00e9rt az a k\u00e9r\u00e9sem, amikor a m\u00e1sodvet\u00e9s\u0171 kult\u00fara ( p\u00e9ld\u00e1ul k\u00e1posztaf\u00e9l\u00e9k , petrezselyem stb. )betakar\u00edt\u00e1sra ker\u00fclt, ezt jelezz\u00e9k fel\u00e9m!<\/p>\n<p style=\"text-align: justify;\">A 2025-2026. \u00e9vi gazd\u00e1lkod\u00e1si gyakorlati megval\u00f3s\u00edt\u00e1s szempontj\u00e1b\u00f3l a k\u00f6vetkez\u0151\u00a0 fontos elemeket emeln\u00e9m ki , melynek betart\u00e1s\u00e1ra mindenkinek felh\u00edvn\u00e1m a figyelm\u00e9t :<\/p>\n<p style=\"text-align: justify;\">1; 10 hekt\u00e1r sz\u00e1nt\u00f3 f\u00f6l\u00f6tti gazdas\u00e1gok eset\u00e9ben 4 % pihentetett ter\u00fclet , vagy pillang\u00f3s n\u00f6v\u00e9nyek vet\u00e9se , vagy \u00f6kol\u00f3giai m\u00e1sodvet\u00e9s lesz sz\u00fcks\u00e9ges.<\/p>\n<p style=\"text-align: justify;\">2; Az el\u0151z\u0151 sz\u00e1mokban le\u00edrtakhoz k\u00e9pest v\u00e1ltoz\u00e1s . hogy az Agr\u00e1r\u00f6kol\u00f3giai Programban r\u00e9szt vev\u0151 gazd\u00e1knak gazd\u00e1lkod\u00e1si napl\u00f3t kell vezetni, mely a NAK \u00e9s az \u00c1llamkincst\u00e1r oldal\u00e1r\u00f3l el\u00e9rhet\u0151. A N\u00c9BIH fel\u00fclet\u00e9r\u0151l tov\u00e1bbra is el\u00e9rhet\u0151 az Elektronikus Gazd\u00e1lkod\u00e1si Napl\u00f3 , melynek vezet\u00e9se bizonyos t\u00e1mogat\u00e1si, p\u00e1ly\u00e1zati jogc\u00edmek eset\u00e9ben k\u00f6telez\u0151 !<\/p>\n<p style=\"text-align: justify;\">A gazd\u00e1lkod\u00e1si napl\u00f3t a tavalyi \u00e9vt\u0151l elt\u00e9r\u0151en el\u00e9g pap\u00edr alapon is vezetni ( egyenl\u0151re a 2025-\u00f6s \u00e9vre \u00e9rv\u00e9nyes ) <strong>teh\u00e1t nem sz\u00fcks\u00e9ges elektronikusan fel kell t\u00f6lteni a N\u00c9BIH rendszer\u00e9be 2025.janu\u00e1r 31-ig<\/strong> !!!! Az elektronikus gazd\u00e1lkod\u00e1si napl\u00f3ba integr\u00e1ltan ker\u00fcl elhelyez\u00e9sre az <strong>Elektronikus permetez\u00e9si napl\u00f3<\/strong>, melyben <strong>minden gazd\u00e1lkod\u00f3nak<\/strong>, aki n\u00f6v\u00e9nyv\u00e9d\u0151 szeres\u00a0 kezel\u00e9st v\u00e9gez, a kezel\u00e9sekr\u0151l sz\u00f3l\u00f3 adatokat \u00a0az \u00e9vi rendszeres pap\u00edr alap\u00fa napl\u00f3vezet\u00e9st k\u00f6vet\u0151en <strong>2026. janu\u00e1r 31-ig kell felt\u00f6lteni<\/strong> ugyanebbe a rendszerbe.<\/p>\n<p style=\"text-align: justify;\">Ezt a k\u00f6telezetts\u00e9get a N\u00f6v\u00e9nyv\u00e9delmi T\u00f6rv\u00e9ny \u00edrja el\u0151. Teh\u00e1t azon gazd\u00e1lkod\u00f3k, akik az A\u00d6P-ben r\u00e9szt vesznek, \u00e9s n\u00f6v\u00e9nyv\u00e9delmi kezel\u00e9seket v\u00e9geznek, nekik k\u00f6telez\u0151 az elektronikus gazd\u00e1lkod\u00e1si napl\u00f3 elektronikus felt\u00f6lt\u00e9se !<\/p>\n<p style=\"text-align: justify;\">Szint\u00e9n az elektronikus gazd\u00e1lkod\u00e1si napl\u00f3ba ker\u00fclt elhelyez\u00e9sre a <strong>nitr\u00e1t<\/strong> adatszolg\u00e1ltat\u00e1si fel\u00fclet, melynek a hat\u00e1rideje \u2013 ha nincs m\u00e1s elektronikus adatszolg\u00e1ltat\u00e1si k\u00f6telezetts\u00e9g \u2013 <strong>2026. m\u00e1rcius 31<\/strong>.<\/p>\n<p style=\"text-align: justify;\">Ez a gyakorlatban azt jelenti, hogy ugyanazon a neh\u00e9zkes fel\u00fcleten kell dolgoznunk, mint tavaly. Emiatt az a k\u00e9r\u00e9sem, hogy az A\u00d6P-ben \u00e9rintett termel\u0151k okt\u00f3ber h\u00f3napban keressenek egyeztet\u00e9sre !<\/p>\n<p style=\"text-align: justify;\">\u00d6sszefoglalva : Aki n\u00f6v\u00e9nyv\u00e9d\u0151 szeres kezel\u00e9st v\u00e9gzett 2025-ben( azaz sz\u00e1ml\u00e1val v\u00e1s\u00e1roltak n\u00f6v\u00e9nyv\u00e9d\u0151 szert ), azoknak a permetez\u00e9si napl\u00f3t janu\u00e1r 31-ig elektronikusan fel kell t\u00f6lteni erre a fel\u00fcletre.<\/p>\n<p style=\"text-align: justify;\">Az adatok r\u00f6gz\u00edt\u00e9s\u00e9ben korl\u00e1tozottan tudok seg\u00edts\u00e9get ny\u00fajtani, de a felt\u00f6lt\u00e9s id\u0151ig\u00e9nyes volta miatt az a k\u00e9r\u00e9sem, ha valaki seg\u00edts\u00e9get szeretne k\u00e9rni, id\u0151ben jelentkezzen. A permetez\u00e9si napl\u00f3 felt\u00f6lt\u00e9s\u00e9hez sz\u00fcks\u00e9ges az \u00fcgyf\u00e9lkapus bel\u00e9p\u00e9s ( felhaszn\u00e1l\u00f3 n\u00e9v \u00e9s jelsz\u00f3 ) valamint a pontosan \u00e9s hi\u00e1nytalanul kit\u00f6lt\u00f6tt pap\u00edr alap\u00fa permetez\u00e9si napl\u00f3 . Kiemeln\u00e9m , hogy a n\u00f6v\u00e9nyv\u00e9d\u0151 szerek d\u00f3zis\u00e1t a liter\/ hekt\u00e1r, vagy a kg\/hekt\u00e1r m\u00e9rt\u00e9kegys\u00e9gben t\u00fcntess\u00e9k fel!<\/p>\n<p style=\"text-align: justify;\">Az aktu\u00e1lis p\u00e1ly\u00e1zati lehet\u0151s\u00e9gek a <a href=\"http:\/\/www.szechenyi2020.hu\">www.szechenyi2020.hu<\/a> , <a href=\"http:\/\/www.fvm.hu\/\">www.fvm.hu<\/a> , , a <a href=\"http:\/\/www.mvh.gov.hu\/\">www.mvh.gov.hu<\/a> \u00e9s a <a href=\"http:\/\/www.nak.hu\">www.nak.hu<\/a> honlapokon megtal\u00e1lhat\u00f3k, k\u00e9rem figyelj\u00e9k ezeket az oldalakat..<\/p>\n<p style=\"text-align: justify;\">A kor\u00e1bbi p\u00e1ly\u00e1zatokhoz kapcsol\u00f3d\u00f3 k\u00f6telez\u0151 k\u00e9pz\u00e9seket ( l\u00e1sd Kis\u00fczemek fejleszt\u00e9se stb. ) az Agr\u00e1rkamara a tov\u00e1bbiakban szervezni fogja. Az \u00e9rintetteket k\u00e9rem, figyelj\u00e9k a <a href=\"http:\/\/www.nakplusz.hu\">www.nakplusz.hu<\/a> oldalon megjelent inform\u00e1ci\u00f3kat.<\/p>\n<p style=\"text-align: justify;\">Az \u00fcgyf\u00e9lfogad\u00e1si rend az elektronikus Gazd\u00e1lkod\u00e1si \u00e9s Permetez\u00e9si napl\u00f3 vezet\u00e9ssel kapcsolatos feladatok miatt m\u00f3dosul , a fix \u00fcgyf\u00e9lfogad\u00e1s ideje kevesebb lesz. \u00a0A pontos \u00fcgyf\u00e9lfogad\u00e1si rend az Iroda ajtaj\u00e1n\u00e1l kif\u00fcggeszt\u00e9sre ker\u00fcl,<\/p>\n<p style=\"text-align: justify;\">\n<p style=\"text-align: justify;\">A telefonsz\u00e1mom : 06-30\/337-2520<\/p>\n<p style=\"text-align: justify;\">E-mail c\u00edmem: gyuris.ferenc2@nak.hu<\/p>\n<p style=\"text-align: justify;\">Facebookon \/ Messengeren is el\u00e9rhet\u0151 vagyok Gyuris Ferenc n\u00e9ven.<\/p>\n<p style=\"text-align: justify;\">K\u00e9rd\u00e9sek eset\u00e9n \u00e1llok rendelkez\u00e9s\u00fckre.<\/p>\n<p style=\"text-align: justify;\">\n<p style=\"text-align: justify;\"><strong>\u00a0\u00a0\u00a0\u00a0\u00a0\u00a0\u00a0\u00a0\u00a0\u00a0\u00a0\u00a0\u00a0\u00a0\u00a0\u00a0\u00a0\u00a0\u00a0\u00a0\u00a0\u00a0\u00a0\u00a0\u00a0\u00a0\u00a0\u00a0\u00a0\u00a0\u00a0\u00a0\u00a0\u00a0\u00a0\u00a0\u00a0\u00a0\u00a0\u00a0\u00a0\u00a0\u00a0\u00a0\u00a0\u00a0\u00a0\u00a0\u00a0\u00a0\u00a0\u00a0\u00a0\u00a0\u00a0\u00a0\u00a0\u00a0\u00a0\u00a0\u00a0\u00a0\u00a0\u00a0\u00a0\u00a0\u00a0\u00a0\u00a0\u00a0 Tisztelettel : Nemzeti Agr\u00e1rgazdas\u00e1gi Kamara<\/strong><\/p>\n<p style=\"text-align: justify;\"><strong>\u00a0\u00a0\u00a0\u00a0\u00a0\u00a0\u00a0\u00a0\u00a0\u00a0\u00a0\u00a0\u00a0\u00a0\u00a0\u00a0\u00a0\u00a0\u00a0\u00a0\u00a0\u00a0\u00a0\u00a0\u00a0\u00a0\u00a0\u00a0\u00a0\u00a0\u00a0\u00a0\u00a0\u00a0\u00a0\u00a0\u00a0\u00a0\u00a0\u00a0\u00a0\u00a0\u00a0\u00a0\u00a0\u00a0\u00a0\u00a0\u00a0\u00a0\u00a0\u00a0\u00a0\u00a0\u00a0\u00a0\u00a0\u00a0\u00a0\u00a0\u00a0\u00a0\u00a0\u00a0\u00a0\u00a0\u00a0\u00a0\u00a0\u00a0\u00a0\u00a0\u00a0\u00a0\u00a0\u00a0\u00a0\u00a0\u00a0\u00a0\u00a0\u00a0\u00a0\u00a0\u00a0\u00a0\u00a0\u00a0\u00a0\u00a0\u00a0\u00a0\u00a0 Gyuris Ferenc falugazd\u00e1sz<\/strong><\/p>\n<p style=\"text-align: justify;\"><strong>\u00a0<\/strong><\/p>\n","protected":false},"excerpt":{"rendered":"<p>Tisztelt Termel\u0151k ! El\u0151sz\u00f6r is Minden Kedves \u00dcgyfelemnek sikerekben , eredm\u00e9nyekben \u00e9s eg\u00e9szs\u00e9gben gazdag Boldog \u00daj\u00e9vet k\u00edv\u00e1nok ! A janu\u00e1ri aktualit\u00e1sokkal kapcsolatosan a k\u00f6vetkez\u0151 inform\u00e1ci\u00f3kat osztan\u00e1m meg \u00d6n\u00f6kkel Az Egys\u00e9ges K\u00e9relemmel kapcsolatos aktualit\u00e1sok: A t\u00e1mogat\u00e1si \u00f6sszegek kifizet\u00e9se janu\u00e1r 15 ut\u00e1n kezd\u0151dik ism\u00e9t, , a kifizet\u00e9s folyamatos, az esetleges ellen\u0151rz\u00e9sekben \u00e9rintett gazd\u00e1kn\u00e1l a t\u00e1mogat\u00e1si \u00f6sszegek kifizet\u00e9se [&hellip;]<\/p>\n","protected":false},"author":2,"featured_media":0,"comment_status":"closed","ping_status":"open","sticky":false,"template":"","format":"standard","meta":{"_exactmetrics_skip_tracking":false,"_exactmetrics_sitenote_active":false,"_exactmetrics_sitenote_note":"","_exactmetrics_sitenote_category":0,"footnotes":""},"categories":[12],"tags":[],"yoast_head":"<!-- This site is optimized with the Yoast SEO plugin v23.4 - https:\/\/yoast.com\/wordpress\/plugins\/seo\/ -->\n<title>Janu\u00e1ri aktualit\u00e1sok - A falugazd\u00e1sz t\u00e1j\u00e9koztat\u00f3ja - forraskut.hu<\/title>\n<meta name=\"robots\" content=\"index, follow, max-snippet:-1, max-image-preview:large, max-video-preview:-1\" \/>\n<link rel=\"canonical\" href=\"https:\/\/forraskut.hu\/index.php\/januari-aktualitasok-a-falugazdasz-tajekoztatoja-3\/\" \/>\n<meta property=\"og:locale\" content=\"hu_HU\" \/>\n<meta property=\"og:type\" content=\"article\" \/>\n<meta property=\"og:title\" content=\"Janu\u00e1ri aktualit\u00e1sok - A falugazd\u00e1sz t\u00e1j\u00e9koztat\u00f3ja - forraskut.hu\" \/>\n<meta property=\"og:description\" content=\"Tisztelt Termel\u0151k ! El\u0151sz\u00f6r is Minden Kedves \u00dcgyfelemnek sikerekben , eredm\u00e9nyekben \u00e9s eg\u00e9szs\u00e9gben gazdag Boldog \u00daj\u00e9vet k\u00edv\u00e1nok ! A janu\u00e1ri aktualit\u00e1sokkal kapcsolatosan a k\u00f6vetkez\u0151 inform\u00e1ci\u00f3kat osztan\u00e1m meg \u00d6n\u00f6kkel Az Egys\u00e9ges K\u00e9relemmel kapcsolatos aktualit\u00e1sok: A t\u00e1mogat\u00e1si \u00f6sszegek kifizet\u00e9se janu\u00e1r 15 ut\u00e1n kezd\u0151dik ism\u00e9t, , a kifizet\u00e9s folyamatos, az esetleges ellen\u0151rz\u00e9sekben \u00e9rintett gazd\u00e1kn\u00e1l a t\u00e1mogat\u00e1si \u00f6sszegek kifizet\u00e9se [&hellip;]\" \/>\n<meta property=\"og:url\" content=\"https:\/\/forraskut.hu\/index.php\/januari-aktualitasok-a-falugazdasz-tajekoztatoja-3\/\" \/>\n<meta property=\"og:site_name\" content=\"forraskut.hu\" \/>\n<meta property=\"article:published_time\" content=\"2026-01-12T13:47:05+00:00\" \/>\n<meta property=\"og:image\" content=\"https:\/\/forraskut.hu\/wp-content\/uploads\/2024\/10\/naklogo.png\" \/>\n<meta name=\"author\" content=\"\u00d6rd\u00f6g Attila\" \/>\n<meta name=\"twitter:card\" content=\"summary_large_image\" \/>\n<meta name=\"twitter:label1\" content=\"Szerz\u0151:\" \/>\n\t<meta name=\"twitter:data1\" content=\"\u00d6rd\u00f6g Attila\" \/>\n\t<meta name=\"twitter:label2\" content=\"Becs\u00fclt olvas\u00e1si id\u0151\" \/>\n\t<meta name=\"twitter:data2\" content=\"4 perc\" \/>\n<script type=\"application\/ld+json\" class=\"yoast-schema-graph\">{\"@context\":\"https:\/\/schema.org\",\"@graph\":[{\"@type\":\"WebPage\",\"@id\":\"https:\/\/forraskut.hu\/index.php\/januari-aktualitasok-a-falugazdasz-tajekoztatoja-3\/\",\"url\":\"https:\/\/forraskut.hu\/index.php\/januari-aktualitasok-a-falugazdasz-tajekoztatoja-3\/\",\"name\":\"Janu\u00e1ri aktualit\u00e1sok - A falugazd\u00e1sz t\u00e1j\u00e9koztat\u00f3ja - forraskut.hu\",\"isPartOf\":{\"@id\":\"https:\/\/forraskut.hu\/#website\"},\"primaryImageOfPage\":{\"@id\":\"https:\/\/forraskut.hu\/index.php\/januari-aktualitasok-a-falugazdasz-tajekoztatoja-3\/#primaryimage\"},\"image\":{\"@id\":\"https:\/\/forraskut.hu\/index.php\/januari-aktualitasok-a-falugazdasz-tajekoztatoja-3\/#primaryimage\"},\"thumbnailUrl\":\"https:\/\/forraskut.hu\/wp-content\/uploads\/2024\/10\/naklogo.png\",\"datePublished\":\"2026-01-12T13:47:05+00:00\",\"dateModified\":\"2026-01-12T13:47:05+00:00\",\"author\":{\"@id\":\"https:\/\/forraskut.hu\/#\/schema\/person\/c9a884f241d1fd71f26c9493a315dfcc\"},\"breadcrumb\":{\"@id\":\"https:\/\/forraskut.hu\/index.php\/januari-aktualitasok-a-falugazdasz-tajekoztatoja-3\/#breadcrumb\"},\"inLanguage\":\"hu\",\"potentialAction\":[{\"@type\":\"ReadAction\",\"target\":[\"https:\/\/forraskut.hu\/index.php\/januari-aktualitasok-a-falugazdasz-tajekoztatoja-3\/\"]}]},{\"@type\":\"ImageObject\",\"inLanguage\":\"hu\",\"@id\":\"https:\/\/forraskut.hu\/index.php\/januari-aktualitasok-a-falugazdasz-tajekoztatoja-3\/#primaryimage\",\"url\":\"https:\/\/forraskut.hu\/wp-content\/uploads\/2024\/10\/naklogo.png\",\"contentUrl\":\"https:\/\/forraskut.hu\/wp-content\/uploads\/2024\/10\/naklogo.png\",\"width\":225,\"height\":225},{\"@type\":\"BreadcrumbList\",\"@id\":\"https:\/\/forraskut.hu\/index.php\/januari-aktualitasok-a-falugazdasz-tajekoztatoja-3\/#breadcrumb\",\"itemListElement\":[{\"@type\":\"ListItem\",\"position\":1,\"name\":\"Kezd\u0151lap\",\"item\":\"https:\/\/forraskut.hu\/\"},{\"@type\":\"ListItem\",\"position\":2,\"name\":\"Janu\u00e1ri aktualit\u00e1sok &#8211; A falugazd\u00e1sz t\u00e1j\u00e9koztat\u00f3ja\"}]},{\"@type\":\"WebSite\",\"@id\":\"https:\/\/forraskut.hu\/#website\",\"url\":\"https:\/\/forraskut.hu\/\",\"name\":\"forraskut.hu\",\"description\":\"Forr\u00e1sk\u00fat k\u00f6zs\u00e9g hivatalos weboldala\",\"potentialAction\":[{\"@type\":\"SearchAction\",\"target\":{\"@type\":\"EntryPoint\",\"urlTemplate\":\"https:\/\/forraskut.hu\/?s={search_term_string}\"},\"query-input\":{\"@type\":\"PropertyValueSpecification\",\"valueRequired\":true,\"valueName\":\"search_term_string\"}}],\"inLanguage\":\"hu\"},{\"@type\":\"Person\",\"@id\":\"https:\/\/forraskut.hu\/#\/schema\/person\/c9a884f241d1fd71f26c9493a315dfcc\",\"name\":\"\u00d6rd\u00f6g Attila\",\"image\":{\"@type\":\"ImageObject\",\"inLanguage\":\"hu\",\"@id\":\"https:\/\/forraskut.hu\/#\/schema\/person\/image\/\",\"url\":\"https:\/\/secure.gravatar.com\/avatar\/0957bfecd96d82739b49153153303524?s=96&d=mm&r=g\",\"contentUrl\":\"https:\/\/secure.gravatar.com\/avatar\/0957bfecd96d82739b49153153303524?s=96&d=mm&r=g\",\"caption\":\"\u00d6rd\u00f6g Attila\"},\"url\":\"https:\/\/forraskut.hu\/index.php\/author\/webmester\/\"}]}<\/script>\n<!-- \/ Yoast SEO plugin. -->","yoast_head_json":{"title":"Janu\u00e1ri aktualit\u00e1sok - A falugazd\u00e1sz t\u00e1j\u00e9koztat\u00f3ja - forraskut.hu","robots":{"index":"index","follow":"follow","max-snippet":"max-snippet:-1","max-image-preview":"max-image-preview:large","max-video-preview":"max-video-preview:-1"},"canonical":"https:\/\/forraskut.hu\/index.php\/januari-aktualitasok-a-falugazdasz-tajekoztatoja-3\/","og_locale":"hu_HU","og_type":"article","og_title":"Janu\u00e1ri aktualit\u00e1sok - A falugazd\u00e1sz t\u00e1j\u00e9koztat\u00f3ja - forraskut.hu","og_description":"Tisztelt Termel\u0151k ! El\u0151sz\u00f6r is Minden Kedves \u00dcgyfelemnek sikerekben , eredm\u00e9nyekben \u00e9s eg\u00e9szs\u00e9gben gazdag Boldog \u00daj\u00e9vet k\u00edv\u00e1nok ! A janu\u00e1ri aktualit\u00e1sokkal kapcsolatosan a k\u00f6vetkez\u0151 inform\u00e1ci\u00f3kat osztan\u00e1m meg \u00d6n\u00f6kkel Az Egys\u00e9ges K\u00e9relemmel kapcsolatos aktualit\u00e1sok: A t\u00e1mogat\u00e1si \u00f6sszegek kifizet\u00e9se janu\u00e1r 15 ut\u00e1n kezd\u0151dik ism\u00e9t, , a kifizet\u00e9s folyamatos, az esetleges ellen\u0151rz\u00e9sekben \u00e9rintett gazd\u00e1kn\u00e1l a t\u00e1mogat\u00e1si \u00f6sszegek kifizet\u00e9se [&hellip;]","og_url":"https:\/\/forraskut.hu\/index.php\/januari-aktualitasok-a-falugazdasz-tajekoztatoja-3\/","og_site_name":"forraskut.hu","article_published_time":"2026-01-12T13:47:05+00:00","og_image":[{"url":"https:\/\/forraskut.hu\/wp-content\/uploads\/2024\/10\/naklogo.png"}],"author":"\u00d6rd\u00f6g Attila","twitter_card":"summary_large_image","twitter_misc":{"Szerz\u0151:":"\u00d6rd\u00f6g Attila","Becs\u00fclt olvas\u00e1si id\u0151":"4 perc"},"schema":{"@context":"https:\/\/schema.org","@graph":[{"@type":"WebPage","@id":"https:\/\/forraskut.hu\/index.php\/januari-aktualitasok-a-falugazdasz-tajekoztatoja-3\/","url":"https:\/\/forraskut.hu\/index.php\/januari-aktualitasok-a-falugazdasz-tajekoztatoja-3\/","name":"Janu\u00e1ri aktualit\u00e1sok - A falugazd\u00e1sz t\u00e1j\u00e9koztat\u00f3ja - forraskut.hu","isPartOf":{"@id":"https:\/\/forraskut.hu\/#website"},"primaryImageOfPage":{"@id":"https:\/\/forraskut.hu\/index.php\/januari-aktualitasok-a-falugazdasz-tajekoztatoja-3\/#primaryimage"},"image":{"@id":"https:\/\/forraskut.hu\/index.php\/januari-aktualitasok-a-falugazdasz-tajekoztatoja-3\/#primaryimage"},"thumbnailUrl":"https:\/\/forraskut.hu\/wp-content\/uploads\/2024\/10\/naklogo.png","datePublished":"2026-01-12T13:47:05+00:00","dateModified":"2026-01-12T13:47:05+00:00","author":{"@id":"https:\/\/forraskut.hu\/#\/schema\/person\/c9a884f241d1fd71f26c9493a315dfcc"},"breadcrumb":{"@id":"https:\/\/forraskut.hu\/index.php\/januari-aktualitasok-a-falugazdasz-tajekoztatoja-3\/#breadcrumb"},"inLanguage":"hu","potentialAction":[{"@type":"ReadAction","target":["https:\/\/forraskut.hu\/index.php\/januari-aktualitasok-a-falugazdasz-tajekoztatoja-3\/"]}]},{"@type":"ImageObject","inLanguage":"hu","@id":"https:\/\/forraskut.hu\/index.php\/januari-aktualitasok-a-falugazdasz-tajekoztatoja-3\/#primaryimage","url":"https:\/\/forraskut.hu\/wp-content\/uploads\/2024\/10\/naklogo.png","contentUrl":"https:\/\/forraskut.hu\/wp-content\/uploads\/2024\/10\/naklogo.png","width":225,"height":225},{"@type":"BreadcrumbList","@id":"https:\/\/forraskut.hu\/index.php\/januari-aktualitasok-a-falugazdasz-tajekoztatoja-3\/#breadcrumb","itemListElement":[{"@type":"ListItem","position":1,"name":"Kezd\u0151lap","item":"https:\/\/forraskut.hu\/"},{"@type":"ListItem","position":2,"name":"Janu\u00e1ri aktualit\u00e1sok &#8211; A falugazd\u00e1sz t\u00e1j\u00e9koztat\u00f3ja"}]},{"@type":"WebSite","@id":"https:\/\/forraskut.hu\/#website","url":"https:\/\/forraskut.hu\/","name":"forraskut.hu","description":"Forr\u00e1sk\u00fat k\u00f6zs\u00e9g hivatalos weboldala","potentialAction":[{"@type":"SearchAction","target":{"@type":"EntryPoint","urlTemplate":"https:\/\/forraskut.hu\/?s={search_term_string}"},"query-input":{"@type":"PropertyValueSpecification","valueRequired":true,"valueName":"search_term_string"}}],"inLanguage":"hu"},{"@type":"Person","@id":"https:\/\/forraskut.hu\/#\/schema\/person\/c9a884f241d1fd71f26c9493a315dfcc","name":"\u00d6rd\u00f6g Attila","image":{"@type":"ImageObject","inLanguage":"hu","@id":"https:\/\/forraskut.hu\/#\/schema\/person\/image\/","url":"https:\/\/secure.gravatar.com\/avatar\/0957bfecd96d82739b49153153303524?s=96&d=mm&r=g","contentUrl":"https:\/\/secure.gravatar.com\/avatar\/0957bfecd96d82739b49153153303524?s=96&d=mm&r=g","caption":"\u00d6rd\u00f6g Attila"},"url":"https:\/\/forraskut.hu\/index.php\/author\/webmester\/"}]}},"_links":{"self":[{"href":"https:\/\/forraskut.hu\/index.php\/wp-json\/wp\/v2\/posts\/3808"}],"collection":[{"href":"https:\/\/forraskut.hu\/index.php\/wp-json\/wp\/v2\/posts"}],"about":[{"href":"https:\/\/forraskut.hu\/index.php\/wp-json\/wp\/v2\/types\/post"}],"author":[{"embeddable":true,"href":"https:\/\/forraskut.hu\/index.php\/wp-json\/wp\/v2\/users\/2"}],"replies":[{"embeddable":true,"href":"https:\/\/forraskut.hu\/index.php\/wp-json\/wp\/v2\/comments?post=3808"}],"version-history":[{"count":1,"href":"https:\/\/forraskut.hu\/index.php\/wp-json\/wp\/v2\/posts\/3808\/revisions"}],"predecessor-version":[{"id":3809,"href":"https:\/\/forraskut.hu\/index.php\/wp-json\/wp\/v2\/posts\/3808\/revisions\/3809"}],"wp:attachment":[{"href":"https:\/\/forraskut.hu\/index.php\/wp-json\/wp\/v2\/media?parent=3808"}],"wp:term":[{"taxonomy":"category","embeddable":true,"href":"https:\/\/forraskut.hu\/index.php\/wp-json\/wp\/v2\/categories?post=3808"},{"taxonomy":"post_tag","embeddable":true,"href":"https:\/\/forraskut.hu\/index.php\/wp-json\/wp\/v2\/tags?post=3808"}],"curies":[{"name":"wp","href":"https:\/\/api.w.org\/{rel}","templated":true}]}}