{"id":3764,"date":"2025-12-08T08:53:50","date_gmt":"2025-12-08T07:53:50","guid":{"rendered":"https:\/\/forraskut.hu\/?p=3764"},"modified":"2025-12-08T08:54:36","modified_gmt":"2025-12-08T07:54:36","slug":"decemberi-aktualitasok-a-falugazdasz-tajekoztatoja-3","status":"publish","type":"post","link":"https:\/\/forraskut.hu\/index.php\/decemberi-aktualitasok-a-falugazdasz-tajekoztatoja-3\/","title":{"rendered":"Decemberi aktualit\u00e1sok &#8211; A falugazd\u00e1sz t\u00e1j\u00e9koztat\u00f3ja"},"content":{"rendered":"<p style=\"text-align: justify;\">Tisztelt Termel\u0151k !<\/p>\n<p style=\"text-align: justify;\">Az \u00e9v v\u00e9g\u00e9hez \u00e9s az \u00fcnnepekhez k\u00f6zeledve n\u00e9h\u00e1ny aktu\u00e1lis inform\u00e1ci\u00f3t szeretn\u00e9k \u00d6n\u00f6kkel megosztani<\/p>\n<p style=\"text-align: justify;\">A 2025-\u00f6s \u00e9vi Egys\u00e9ges k\u00e9relem ellen\u0151rz\u00e9s\u00e9vel, feldolgoz\u00e1s\u00e1val, az el\u0151legfizet\u00e9sekkel kapcsolatban a k\u00f6vetkez\u0151 inform\u00e1ci\u00f3kat osztan\u00e1m meg \u00d6n\u00f6kkel<\/p>\n<p style=\"text-align: justify;\">Az Egys\u00e9ges K\u00e9relemmel kapcsolatos aktualit\u00e1sok:<img loading=\"lazy\" decoding=\"async\" class=\" wp-image-3322 alignright\" src=\"https:\/\/forraskut.hu\/wp-content\/uploads\/2024\/10\/naklogo.png\" alt=\"\" width=\"160\" height=\"160\" srcset=\"https:\/\/forraskut.hu\/wp-content\/uploads\/2024\/10\/naklogo.png 225w, https:\/\/forraskut.hu\/wp-content\/uploads\/2024\/10\/naklogo-150x150.png 150w\" sizes=\"(max-width: 160px) 100vw, 160px\" \/><\/p>\n<p style=\"text-align: justify;\">\u00a0\u00a0\u00a0\u00a0\u00a0\u00a0\u00a0\u00a0\u00a0\u00a0\u00a0 A 2025. \u00e9vi Egys\u00e9ges k\u00e9relemmel beny\u00fajtott Alapszint\u0171 j\u00f6vedelemp\u00f3tl\u00f3 t\u00e1mogat\u00e1s \u00e9s a Kieg\u00e9sz\u00edt\u0151 t\u00e1mogat\u00e1s ( BISS \u00e9s CRISS ) el\u0151legeinek a kifizet\u00e9se folyamatos, az el\u0151zetes inform\u00e1ci\u00f3k alapj\u00e1n a M\u00c1K december 15-ig ind\u00edt kifizet\u00e9seket, majd a k\u00f6vetkez\u0151 kifizet\u00e9sek 202. janu\u00e1r 15-t\u0151l fognak ism\u00e9t elkezd\u0151dni.. Az el\u0151leg \u00f6sszege a teljes t\u00e1mogat\u00e1si \u00f6sszeg maximum 70 %-a lehet, \u00f6sszegszer\u0171en ez 60.700 Ft\/ha kifizet\u00e9st jelent. A fennmarad\u00f3 r\u00e9szleteket 2026. j\u00fanius 30-ig kell kifizetni a M\u00c1K-nak. Azok a szem\u00e9lyekn\u00e9l, akik az ellen\u0151rz\u00e9si folyamatba beker\u00fcltek, blokkv\u00e1ltoztat\u00e1st k\u00e9rtek, vagy\u00a0 ha termel\u00e9shez k\u00f6t\u00f6tt kieg\u00e9sz\u00edt\u0151 t\u00e1mogat\u00e1st k\u00e9rtek a m\u00e1sodvet\u00e9s\u0171 z\u00f6lds\u00e9gf\u00e9l\u00e9kre , s a betakar\u00edt\u00e1s t\u00e9ny\u00e9t m\u00e9g nem jelentett\u00e9k be, eset\u00fckben a kifizet\u00e9s cs\u00faszhat. A k\u00e9r\u00e9sem, hogy ha M\u00c1SODVET\u00c9S\u0170 Termel\u00e9shez k\u00f6t\u00f6tt z\u00f6lds\u00e9gn\u00f6v\u00e9ny t\u00e1mogat\u00e1st ig\u00e9nyeltek, s a betakar\u00edt\u00e1s m\u00e9g nem ker\u00fclt bejelent\u00e9sre, azt mihamarabb tegy\u00e9k meg. DE a betakar\u00edt\u00e1st csak akkor lehet bejelenteni, ha a n\u00f6v\u00e9nykult\u00fara t\u00e9nylegesen is betakar\u00edt\u00e1sra ker\u00fclt.<!--more--><\/p>\n<p style=\"text-align: justify;\">\u00a0\u00a0\u00a0\u00a0\u00a0\u00a0\u00a0\u00a0\u00a0\u00a0\u00a0 A t\u00e9rs\u00e9g\u00fcnket sz\u00e9ler\u00f3zi\u00f3 \u00e9rz\u00e9keny ter\u00fclett\u00e9 min\u0151s\u00edtett\u00e9k, emiatt a t\u00e1mogat\u00e1s ig\u00e9nyl\u00e9s\u00e9nek szempontj\u00e1b\u00f3l t\u00f6bb \u00faj felt\u00e9tel is bevezet\u00e9sre ker\u00fclt. Egyik legfontosabb elem, hogy a ny\u00e1ri betakar\u00edt\u00e1s\u00fa n\u00f6v\u00e9nyek betakar\u00edt\u00e1s ut\u00e1ni tarl\u00f3\u00e1llapot\u00e1t meg kell \u0151rizni a k\u00f6vetkez\u0151 \u00e9vi n\u00f6v\u00e9nykult\u00fara talaj el\u0151k\u00e9sz\u00edt\u00e9si munk\u00e1latainak kezd\u00e9s\u00e9ig, a m\u00e1sik, hogy a f\u0151bb munkafolyamatokr\u00f3l gazd\u00e1lkod\u00e1si napl\u00f3t kell majd vezetni pap\u00edr alapon . Ez az Agr\u00e1rkamara honlapj\u00e1r\u00f3l let\u00f6lthet\u0151 lesz.<\/p>\n<p style=\"text-align: justify;\">\u00a0\u00a0\u00a0\u00a0\u00a0\u00a0\u00a0\u00a0\u00a0\u00a0\u00a0 Az Agr\u00e1r\u00f6kol\u00f3giai Programban r\u00e9szt vev\u0151 gazd\u00e1knak gazd\u00e1lkod\u00e1si napl\u00f3t kell vezetni, az el\u0151z\u0151 sz\u00e1mokban le\u00edrtakt\u00f3l elt\u00e9r\u0151en pap\u00edr alapon . A napl\u00f3 form\u00e1tuma a NAK \u00e9s az \u00c1llamkincst\u00e1r oldal\u00e1r\u00f3l el\u00e9rhet\u0151. A N\u00c9BIH fel\u00fclet\u00e9r\u0151l tov\u00e1bbra is el\u00e9rhet\u0151 az Elektronikus Gazd\u00e1lkod\u00e1si Napl\u00f3 , melynek vezet\u00e9se csak lehet\u0151s\u00e9g.<\/p>\n<p style=\"text-align: justify;\">A gazd\u00e1lkod\u00e1si napl\u00f3t CSAK abban az esetben kell felt\u00f6lteni elektronikusan a N\u00c9BIH rendszer\u00e9be 2026.janu\u00e1r 31-ig , ha a gazd\u00e1lkod\u00f3 2025-ben n\u00f6v\u00e9nyv\u00e9d\u0151 szeres kezel\u00e9seket is v\u00e9gzett !!! Ezt a k\u00f6telezetts\u00e9get ugyanis a N\u00f6v\u00e9nyv\u00e9delemr\u0151l sz\u00f3l\u00f3 t\u00f6rv\u00e9ny szab\u00e1lyozza, mely el\u0151\u00edrja a 2025-ben v\u00e9gzett n\u00f6v\u00e9nyv\u00e9d\u0151 szeres kezel\u00e9sek elektronikus r\u00f6gz\u00edt\u00e9s\u00e9t.<\/p>\n<p style=\"text-align: justify;\">Szint\u00e9n elektronikus felt\u00f6lt\u00e9st \u00edr el\u0151 a Nitr\u00e1trendelet is, mely az 5 \u00c1llategys\u00e9gn\u00e9l t\u00f6bb \u00e1llat tart\u00e1s\u00e1val foglalkoz\u00f3 gazdas\u00e1gok sz\u00e1m\u00e1ra szint\u00e9n k\u00f6telez\u0151.<\/p>\n<p style=\"text-align: justify;\">Ez a gyakorlatban azt jelenti, hogy ugyanazon a neh\u00e9zkes fel\u00fcleten kell dolgoznunk, mint tavaly. Emiatt az a k\u00e9r\u00e9sem, hogy az A\u00d6P-ben \u00e9rintett termel\u0151k , vagy a permetez\u00e9si napl\u00f3 elektronikus r\u00f6gz\u00edt\u00e9s\u00e9ben \u00e9rintett termel\u0151k egyeztet\u00e9s c\u00e9lj\u00e1b\u00f3l december-janu\u00e1r h\u00f3napban keressenek egyeztet\u00e9sre !<\/p>\n<p style=\"text-align: justify;\">Az aktu\u00e1lis p\u00e1ly\u00e1zati lehet\u0151s\u00e9gek a <a href=\"http:\/\/www.szechenyi2020.hu\">www.szechenyi2020.hu<\/a> , <a href=\"http:\/\/www.fvm.hu\/\">www.fvm.hu<\/a> , a <a href=\"http:\/\/www.mvh.gov.hu\/\">www.mvh.gov.hu<\/a> \u00e9s a <a href=\"http:\/\/www.nak.hu\">www.nak.hu<\/a> honlapokon megtal\u00e1lhat\u00f3k, k\u00e9rem figyelj\u00e9k ezeket az oldalakat.<\/p>\n<p style=\"text-align: justify;\">\u00a0\u00a0\u00a0\u00a0\u00a0\u00a0\u00a0\u00a0\u00a0\u00a0\u00a0 \u00a0A Kar\u00e1csonyi \u00fcnnepekben az \u00fcgyf\u00e9lfogad\u00e1s december 19-t\u0151l janu\u00e1r 5-ig sz\u00fcnetelni fog.<\/p>\n<p style=\"text-align: justify;\"><strong><em>MINDEN KEDVES \u00dcGYFELEMNEK EZ\u00daTON K\u00cdV\u00c1NOK \u00c1LDOTT B\u00c9K\u00c9S BOLDOG KAR\u00c1CSONYI \u00dcNNEPEKET<br \/>\n\u00c9S EREDM\u00c9NYEKBEN GAZDAG BOLDOG \u00daJ\u00c9VET<\/em><\/strong><\/p>\n<p style=\"text-align: justify;\"><strong>\u00a0\u00a0\u00a0\u00a0\u00a0\u00a0\u00a0\u00a0\u00a0\u00a0\u00a0\u00a0\u00a0\u00a0\u00a0\u00a0\u00a0\u00a0\u00a0\u00a0\u00a0\u00a0\u00a0\u00a0\u00a0\u00a0\u00a0\u00a0\u00a0\u00a0\u00a0\u00a0\u00a0\u00a0\u00a0\u00a0\u00a0\u00a0\u00a0\u00a0\u00a0\u00a0\u00a0\u00a0\u00a0\u00a0\u00a0\u00a0\u00a0\u00a0\u00a0\u00a0\u00a0\u00a0\u00a0\u00a0\u00a0\u00a0\u00a0\u00a0\u00a0\u00a0\u00a0\u00a0\u00a0\u00a0\u00a0\u00a0\u00a0\u00a0 Tisztelettel : Gyuris Ferenc falugazd\u00e1sz<\/strong><\/p>\n<p style=\"text-align: justify;\"><strong>\u00a0<\/strong><\/p>\n","protected":false},"excerpt":{"rendered":"<p>Tisztelt Termel\u0151k ! Az \u00e9v v\u00e9g\u00e9hez \u00e9s az \u00fcnnepekhez k\u00f6zeledve n\u00e9h\u00e1ny aktu\u00e1lis inform\u00e1ci\u00f3t szeretn\u00e9k \u00d6n\u00f6kkel megosztani A 2025-\u00f6s \u00e9vi Egys\u00e9ges k\u00e9relem ellen\u0151rz\u00e9s\u00e9vel, feldolgoz\u00e1s\u00e1val, az el\u0151legfizet\u00e9sekkel kapcsolatban a k\u00f6vetkez\u0151 inform\u00e1ci\u00f3kat osztan\u00e1m meg \u00d6n\u00f6kkel Az Egys\u00e9ges K\u00e9relemmel kapcsolatos aktualit\u00e1sok: \u00a0\u00a0\u00a0\u00a0\u00a0\u00a0\u00a0\u00a0\u00a0\u00a0\u00a0 A 2025. \u00e9vi Egys\u00e9ges k\u00e9relemmel beny\u00fajtott Alapszint\u0171 j\u00f6vedelemp\u00f3tl\u00f3 t\u00e1mogat\u00e1s \u00e9s a Kieg\u00e9sz\u00edt\u0151 t\u00e1mogat\u00e1s ( BISS \u00e9s CRISS [&hellip;]<\/p>\n","protected":false},"author":2,"featured_media":0,"comment_status":"closed","ping_status":"open","sticky":false,"template":"","format":"standard","meta":{"_exactmetrics_skip_tracking":false,"_exactmetrics_sitenote_active":false,"_exactmetrics_sitenote_note":"","_exactmetrics_sitenote_category":0,"footnotes":""},"categories":[12],"tags":[],"yoast_head":"<!-- This site is optimized with the Yoast SEO plugin v23.4 - https:\/\/yoast.com\/wordpress\/plugins\/seo\/ -->\n<title>Decemberi aktualit\u00e1sok - A falugazd\u00e1sz t\u00e1j\u00e9koztat\u00f3ja - forraskut.hu<\/title>\n<meta name=\"robots\" content=\"index, follow, max-snippet:-1, max-image-preview:large, max-video-preview:-1\" \/>\n<link rel=\"canonical\" href=\"https:\/\/forraskut.hu\/index.php\/decemberi-aktualitasok-a-falugazdasz-tajekoztatoja-3\/\" \/>\n<meta property=\"og:locale\" content=\"hu_HU\" \/>\n<meta property=\"og:type\" content=\"article\" \/>\n<meta property=\"og:title\" content=\"Decemberi aktualit\u00e1sok - A falugazd\u00e1sz t\u00e1j\u00e9koztat\u00f3ja - forraskut.hu\" \/>\n<meta property=\"og:description\" content=\"Tisztelt Termel\u0151k ! Az \u00e9v v\u00e9g\u00e9hez \u00e9s az \u00fcnnepekhez k\u00f6zeledve n\u00e9h\u00e1ny aktu\u00e1lis inform\u00e1ci\u00f3t szeretn\u00e9k \u00d6n\u00f6kkel megosztani A 2025-\u00f6s \u00e9vi Egys\u00e9ges k\u00e9relem ellen\u0151rz\u00e9s\u00e9vel, feldolgoz\u00e1s\u00e1val, az el\u0151legfizet\u00e9sekkel kapcsolatban a k\u00f6vetkez\u0151 inform\u00e1ci\u00f3kat osztan\u00e1m meg \u00d6n\u00f6kkel Az Egys\u00e9ges K\u00e9relemmel kapcsolatos aktualit\u00e1sok: \u00a0\u00a0\u00a0\u00a0\u00a0\u00a0\u00a0\u00a0\u00a0\u00a0\u00a0 A 2025. \u00e9vi Egys\u00e9ges k\u00e9relemmel beny\u00fajtott Alapszint\u0171 j\u00f6vedelemp\u00f3tl\u00f3 t\u00e1mogat\u00e1s \u00e9s a Kieg\u00e9sz\u00edt\u0151 t\u00e1mogat\u00e1s ( BISS \u00e9s CRISS [&hellip;]\" \/>\n<meta property=\"og:url\" content=\"https:\/\/forraskut.hu\/index.php\/decemberi-aktualitasok-a-falugazdasz-tajekoztatoja-3\/\" \/>\n<meta property=\"og:site_name\" content=\"forraskut.hu\" \/>\n<meta property=\"article:published_time\" content=\"2025-12-08T07:53:50+00:00\" \/>\n<meta property=\"article:modified_time\" content=\"2025-12-08T07:54:36+00:00\" \/>\n<meta property=\"og:image\" content=\"https:\/\/forraskut.hu\/wp-content\/uploads\/2024\/10\/naklogo.png\" \/>\n<meta name=\"author\" content=\"\u00d6rd\u00f6g Attila\" \/>\n<meta name=\"twitter:card\" content=\"summary_large_image\" \/>\n<meta name=\"twitter:label1\" content=\"Szerz\u0151:\" \/>\n\t<meta name=\"twitter:data1\" content=\"\u00d6rd\u00f6g Attila\" \/>\n\t<meta name=\"twitter:label2\" content=\"Becs\u00fclt olvas\u00e1si id\u0151\" \/>\n\t<meta name=\"twitter:data2\" content=\"3 perc\" \/>\n<script type=\"application\/ld+json\" class=\"yoast-schema-graph\">{\"@context\":\"https:\/\/schema.org\",\"@graph\":[{\"@type\":\"WebPage\",\"@id\":\"https:\/\/forraskut.hu\/index.php\/decemberi-aktualitasok-a-falugazdasz-tajekoztatoja-3\/\",\"url\":\"https:\/\/forraskut.hu\/index.php\/decemberi-aktualitasok-a-falugazdasz-tajekoztatoja-3\/\",\"name\":\"Decemberi aktualit\u00e1sok - A falugazd\u00e1sz t\u00e1j\u00e9koztat\u00f3ja - forraskut.hu\",\"isPartOf\":{\"@id\":\"https:\/\/forraskut.hu\/#website\"},\"primaryImageOfPage\":{\"@id\":\"https:\/\/forraskut.hu\/index.php\/decemberi-aktualitasok-a-falugazdasz-tajekoztatoja-3\/#primaryimage\"},\"image\":{\"@id\":\"https:\/\/forraskut.hu\/index.php\/decemberi-aktualitasok-a-falugazdasz-tajekoztatoja-3\/#primaryimage\"},\"thumbnailUrl\":\"https:\/\/forraskut.hu\/wp-content\/uploads\/2024\/10\/naklogo.png\",\"datePublished\":\"2025-12-08T07:53:50+00:00\",\"dateModified\":\"2025-12-08T07:54:36+00:00\",\"author\":{\"@id\":\"https:\/\/forraskut.hu\/#\/schema\/person\/c9a884f241d1fd71f26c9493a315dfcc\"},\"breadcrumb\":{\"@id\":\"https:\/\/forraskut.hu\/index.php\/decemberi-aktualitasok-a-falugazdasz-tajekoztatoja-3\/#breadcrumb\"},\"inLanguage\":\"hu\",\"potentialAction\":[{\"@type\":\"ReadAction\",\"target\":[\"https:\/\/forraskut.hu\/index.php\/decemberi-aktualitasok-a-falugazdasz-tajekoztatoja-3\/\"]}]},{\"@type\":\"ImageObject\",\"inLanguage\":\"hu\",\"@id\":\"https:\/\/forraskut.hu\/index.php\/decemberi-aktualitasok-a-falugazdasz-tajekoztatoja-3\/#primaryimage\",\"url\":\"https:\/\/forraskut.hu\/wp-content\/uploads\/2024\/10\/naklogo.png\",\"contentUrl\":\"https:\/\/forraskut.hu\/wp-content\/uploads\/2024\/10\/naklogo.png\",\"width\":225,\"height\":225},{\"@type\":\"BreadcrumbList\",\"@id\":\"https:\/\/forraskut.hu\/index.php\/decemberi-aktualitasok-a-falugazdasz-tajekoztatoja-3\/#breadcrumb\",\"itemListElement\":[{\"@type\":\"ListItem\",\"position\":1,\"name\":\"Kezd\u0151lap\",\"item\":\"https:\/\/forraskut.hu\/\"},{\"@type\":\"ListItem\",\"position\":2,\"name\":\"Decemberi aktualit\u00e1sok &#8211; A falugazd\u00e1sz t\u00e1j\u00e9koztat\u00f3ja\"}]},{\"@type\":\"WebSite\",\"@id\":\"https:\/\/forraskut.hu\/#website\",\"url\":\"https:\/\/forraskut.hu\/\",\"name\":\"forraskut.hu\",\"description\":\"Forr\u00e1sk\u00fat k\u00f6zs\u00e9g hivatalos weboldala\",\"potentialAction\":[{\"@type\":\"SearchAction\",\"target\":{\"@type\":\"EntryPoint\",\"urlTemplate\":\"https:\/\/forraskut.hu\/?s={search_term_string}\"},\"query-input\":{\"@type\":\"PropertyValueSpecification\",\"valueRequired\":true,\"valueName\":\"search_term_string\"}}],\"inLanguage\":\"hu\"},{\"@type\":\"Person\",\"@id\":\"https:\/\/forraskut.hu\/#\/schema\/person\/c9a884f241d1fd71f26c9493a315dfcc\",\"name\":\"\u00d6rd\u00f6g Attila\",\"image\":{\"@type\":\"ImageObject\",\"inLanguage\":\"hu\",\"@id\":\"https:\/\/forraskut.hu\/#\/schema\/person\/image\/\",\"url\":\"https:\/\/secure.gravatar.com\/avatar\/0957bfecd96d82739b49153153303524?s=96&d=mm&r=g\",\"contentUrl\":\"https:\/\/secure.gravatar.com\/avatar\/0957bfecd96d82739b49153153303524?s=96&d=mm&r=g\",\"caption\":\"\u00d6rd\u00f6g Attila\"},\"url\":\"https:\/\/forraskut.hu\/index.php\/author\/webmester\/\"}]}<\/script>\n<!-- \/ Yoast SEO plugin. -->","yoast_head_json":{"title":"Decemberi aktualit\u00e1sok - A falugazd\u00e1sz t\u00e1j\u00e9koztat\u00f3ja - forraskut.hu","robots":{"index":"index","follow":"follow","max-snippet":"max-snippet:-1","max-image-preview":"max-image-preview:large","max-video-preview":"max-video-preview:-1"},"canonical":"https:\/\/forraskut.hu\/index.php\/decemberi-aktualitasok-a-falugazdasz-tajekoztatoja-3\/","og_locale":"hu_HU","og_type":"article","og_title":"Decemberi aktualit\u00e1sok - A falugazd\u00e1sz t\u00e1j\u00e9koztat\u00f3ja - forraskut.hu","og_description":"Tisztelt Termel\u0151k ! Az \u00e9v v\u00e9g\u00e9hez \u00e9s az \u00fcnnepekhez k\u00f6zeledve n\u00e9h\u00e1ny aktu\u00e1lis inform\u00e1ci\u00f3t szeretn\u00e9k \u00d6n\u00f6kkel megosztani A 2025-\u00f6s \u00e9vi Egys\u00e9ges k\u00e9relem ellen\u0151rz\u00e9s\u00e9vel, feldolgoz\u00e1s\u00e1val, az el\u0151legfizet\u00e9sekkel kapcsolatban a k\u00f6vetkez\u0151 inform\u00e1ci\u00f3kat osztan\u00e1m meg \u00d6n\u00f6kkel Az Egys\u00e9ges K\u00e9relemmel kapcsolatos aktualit\u00e1sok: \u00a0\u00a0\u00a0\u00a0\u00a0\u00a0\u00a0\u00a0\u00a0\u00a0\u00a0 A 2025. \u00e9vi Egys\u00e9ges k\u00e9relemmel beny\u00fajtott Alapszint\u0171 j\u00f6vedelemp\u00f3tl\u00f3 t\u00e1mogat\u00e1s \u00e9s a Kieg\u00e9sz\u00edt\u0151 t\u00e1mogat\u00e1s ( BISS \u00e9s CRISS [&hellip;]","og_url":"https:\/\/forraskut.hu\/index.php\/decemberi-aktualitasok-a-falugazdasz-tajekoztatoja-3\/","og_site_name":"forraskut.hu","article_published_time":"2025-12-08T07:53:50+00:00","article_modified_time":"2025-12-08T07:54:36+00:00","og_image":[{"url":"https:\/\/forraskut.hu\/wp-content\/uploads\/2024\/10\/naklogo.png"}],"author":"\u00d6rd\u00f6g Attila","twitter_card":"summary_large_image","twitter_misc":{"Szerz\u0151:":"\u00d6rd\u00f6g Attila","Becs\u00fclt olvas\u00e1si id\u0151":"3 perc"},"schema":{"@context":"https:\/\/schema.org","@graph":[{"@type":"WebPage","@id":"https:\/\/forraskut.hu\/index.php\/decemberi-aktualitasok-a-falugazdasz-tajekoztatoja-3\/","url":"https:\/\/forraskut.hu\/index.php\/decemberi-aktualitasok-a-falugazdasz-tajekoztatoja-3\/","name":"Decemberi aktualit\u00e1sok - A falugazd\u00e1sz t\u00e1j\u00e9koztat\u00f3ja - forraskut.hu","isPartOf":{"@id":"https:\/\/forraskut.hu\/#website"},"primaryImageOfPage":{"@id":"https:\/\/forraskut.hu\/index.php\/decemberi-aktualitasok-a-falugazdasz-tajekoztatoja-3\/#primaryimage"},"image":{"@id":"https:\/\/forraskut.hu\/index.php\/decemberi-aktualitasok-a-falugazdasz-tajekoztatoja-3\/#primaryimage"},"thumbnailUrl":"https:\/\/forraskut.hu\/wp-content\/uploads\/2024\/10\/naklogo.png","datePublished":"2025-12-08T07:53:50+00:00","dateModified":"2025-12-08T07:54:36+00:00","author":{"@id":"https:\/\/forraskut.hu\/#\/schema\/person\/c9a884f241d1fd71f26c9493a315dfcc"},"breadcrumb":{"@id":"https:\/\/forraskut.hu\/index.php\/decemberi-aktualitasok-a-falugazdasz-tajekoztatoja-3\/#breadcrumb"},"inLanguage":"hu","potentialAction":[{"@type":"ReadAction","target":["https:\/\/forraskut.hu\/index.php\/decemberi-aktualitasok-a-falugazdasz-tajekoztatoja-3\/"]}]},{"@type":"ImageObject","inLanguage":"hu","@id":"https:\/\/forraskut.hu\/index.php\/decemberi-aktualitasok-a-falugazdasz-tajekoztatoja-3\/#primaryimage","url":"https:\/\/forraskut.hu\/wp-content\/uploads\/2024\/10\/naklogo.png","contentUrl":"https:\/\/forraskut.hu\/wp-content\/uploads\/2024\/10\/naklogo.png","width":225,"height":225},{"@type":"BreadcrumbList","@id":"https:\/\/forraskut.hu\/index.php\/decemberi-aktualitasok-a-falugazdasz-tajekoztatoja-3\/#breadcrumb","itemListElement":[{"@type":"ListItem","position":1,"name":"Kezd\u0151lap","item":"https:\/\/forraskut.hu\/"},{"@type":"ListItem","position":2,"name":"Decemberi aktualit\u00e1sok &#8211; A falugazd\u00e1sz t\u00e1j\u00e9koztat\u00f3ja"}]},{"@type":"WebSite","@id":"https:\/\/forraskut.hu\/#website","url":"https:\/\/forraskut.hu\/","name":"forraskut.hu","description":"Forr\u00e1sk\u00fat k\u00f6zs\u00e9g hivatalos weboldala","potentialAction":[{"@type":"SearchAction","target":{"@type":"EntryPoint","urlTemplate":"https:\/\/forraskut.hu\/?s={search_term_string}"},"query-input":{"@type":"PropertyValueSpecification","valueRequired":true,"valueName":"search_term_string"}}],"inLanguage":"hu"},{"@type":"Person","@id":"https:\/\/forraskut.hu\/#\/schema\/person\/c9a884f241d1fd71f26c9493a315dfcc","name":"\u00d6rd\u00f6g Attila","image":{"@type":"ImageObject","inLanguage":"hu","@id":"https:\/\/forraskut.hu\/#\/schema\/person\/image\/","url":"https:\/\/secure.gravatar.com\/avatar\/0957bfecd96d82739b49153153303524?s=96&d=mm&r=g","contentUrl":"https:\/\/secure.gravatar.com\/avatar\/0957bfecd96d82739b49153153303524?s=96&d=mm&r=g","caption":"\u00d6rd\u00f6g Attila"},"url":"https:\/\/forraskut.hu\/index.php\/author\/webmester\/"}]}},"_links":{"self":[{"href":"https:\/\/forraskut.hu\/index.php\/wp-json\/wp\/v2\/posts\/3764"}],"collection":[{"href":"https:\/\/forraskut.hu\/index.php\/wp-json\/wp\/v2\/posts"}],"about":[{"href":"https:\/\/forraskut.hu\/index.php\/wp-json\/wp\/v2\/types\/post"}],"author":[{"embeddable":true,"href":"https:\/\/forraskut.hu\/index.php\/wp-json\/wp\/v2\/users\/2"}],"replies":[{"embeddable":true,"href":"https:\/\/forraskut.hu\/index.php\/wp-json\/wp\/v2\/comments?post=3764"}],"version-history":[{"count":2,"href":"https:\/\/forraskut.hu\/index.php\/wp-json\/wp\/v2\/posts\/3764\/revisions"}],"predecessor-version":[{"id":3766,"href":"https:\/\/forraskut.hu\/index.php\/wp-json\/wp\/v2\/posts\/3764\/revisions\/3766"}],"wp:attachment":[{"href":"https:\/\/forraskut.hu\/index.php\/wp-json\/wp\/v2\/media?parent=3764"}],"wp:term":[{"taxonomy":"category","embeddable":true,"href":"https:\/\/forraskut.hu\/index.php\/wp-json\/wp\/v2\/categories?post=3764"},{"taxonomy":"post_tag","embeddable":true,"href":"https:\/\/forraskut.hu\/index.php\/wp-json\/wp\/v2\/tags?post=3764"}],"curies":[{"name":"wp","href":"https:\/\/api.w.org\/{rel}","templated":true}]}}