{"id":3654,"date":"2025-10-09T09:59:09","date_gmt":"2025-10-09T08:59:09","guid":{"rendered":"https:\/\/forraskut.hu\/?p=3654"},"modified":"2025-10-09T09:59:09","modified_gmt":"2025-10-09T08:59:09","slug":"oktoberi-aktualitasok-a-falugazdasz-tajekoztatoja-2","status":"publish","type":"post","link":"https:\/\/forraskut.hu\/index.php\/oktoberi-aktualitasok-a-falugazdasz-tajekoztatoja-2\/","title":{"rendered":"Okt\u00f3beri aktualit\u00e1sok \u2013 A falugazd\u00e1sz t\u00e1j\u00e9koztat\u00f3ja"},"content":{"rendered":"<p>Tisztelt Termel\u0151k !<\/p>\n<p>A 2025-\u00f6s \u00e9vi Egys\u00e9ges k\u00e9relem ellen\u0151rz\u00e9s\u00e9vel, feldolgoz\u00e1s\u00e1val, az el\u0151legfizet\u00e9sekkel kapcsolatban a k\u00f6vetkez\u0151 inform\u00e1ci\u00f3kat osztan\u00e1m meg \u00d6n\u00f6kkel<\/p>\n<p>Az Egys\u00e9ges K\u00e9relemmel kapcsolatos aktualit\u00e1sok:<img loading=\"lazy\" decoding=\"async\" class=\" wp-image-3322 alignright\" src=\"https:\/\/forraskut.hu\/wp-content\/uploads\/2024\/10\/naklogo.png\" alt=\"\" width=\"170\" height=\"170\" srcset=\"https:\/\/forraskut.hu\/wp-content\/uploads\/2024\/10\/naklogo.png 225w, https:\/\/forraskut.hu\/wp-content\/uploads\/2024\/10\/naklogo-150x150.png 150w\" sizes=\"(max-width: 170px) 100vw, 170px\" \/><\/p>\n<p style=\"text-align: justify;\">Szeptember 30-ig tartott az Egys\u00e9ges k\u00e9relem ellen\u0151rz\u00e9si id\u0151szaka, bizonyos elemek, t\u00e9nyez\u0151k ellen\u0151rz\u00e9se viszont folyamatos., mely jelenleg is tart. Az ellen\u0151rz\u00e9si folyamatok alapja a Ter\u00fcleti Monitoring Rendszer ( a tov\u00e1bbiakban TMR ), mely m\u0171holdas ellen\u0151rz\u00e9seken alapul\u00f3 k\u00e9palkot\u00f3 elj\u00e1r\u00e1sokkal meg\u00e1llap\u00edtott kult\u00far\u00e1kat, folyamatokat s ehhez kapcsol\u00f3d\u00f3 adatokat tartalmaz. A rendszer l\u00e9nyege, hogy a meg\u00e1llap\u00edtott elt\u00e9r\u00e9s eset\u00e9n az \u00e9rintett gazd\u00e1nak figyelmeztet\u0151 \u00e9rtes\u00edt\u00e9st k\u00fcld, melyben lehet\u0151s\u00e9g ny\u00edlik a szankci\u00f3mentes m\u00f3dos\u00edt\u00e1sokra.<\/p>\n<p style=\"text-align: justify;\">A szankci\u00f3mentes m\u00f3dos\u00edt\u00e1sra szeptember 30-ig volt lehet\u0151s\u00e9g , azaz eddig m\u00f3dos\u00edthattuk a k\u00e9relm\u00fcnket. Bizonyos esetekben a Magyar \u00c1llamkincst\u00e1r ( tov\u00e1bbiakban M\u00c1K ) telefonra let\u00f6lthet\u0151 Mobilgazda alkalmaz\u00e1s\u00e1val k\u00e9sz\u00edtett georefer\u00e1lt fot\u00f3val ett\u0151l elt\u00e9r\u0151 id\u0151pontban is igazolhatjuk a k\u00e9relm\u00fcnkben foglaltakat.<\/p>\n<p>Ezekben a folyamatokban el\u0151zetes egyeztet\u00e9s alapj\u00e1n seg\u00edts\u00e9get tudunk ny\u00fajtani.<!--more--><\/p>\n<p>Az \u00dcgyfelek \u00e9rtes\u00edt\u00e9se kiz\u00e1r\u00f3lag \u00fcgyf\u00e9lkapun kereszt\u00fcl, vagy e-mailen kereszt\u00fcl t\u00f6rt\u00e9nik, az a k\u00e9r\u00e9sem, hogy figyelj\u00e9k az \u00fcgyf\u00e9lkapujukat \u00e9s a megadott e-mail fi\u00f3kjukat, sz\u00fcks\u00e9g eset\u00e9n keressenek.<\/p>\n<p style=\"text-align: justify;\">A m\u00e1sodvet\u00e9s id\u0151pontj\u00e1t a vet\u00e9s \/ \u00fcltet\u00e9s ut\u00e1n 20 nappal kell bejelenteni. Az el\u0151zetesen betervezett m\u00e1sodvet\u00e9s csak akkor min\u0151s\u00fcl megval\u00f3sultnak, ha a t\u00e9nyleges id\u0151pont is bejelent\u00e9sre ker\u00fcl, majd az \u00e9v v\u00e9ge fel\u00e9 a betakar\u00edt\u00e1s t\u00e9nye szint\u00e9n bejelent\u00e9sre ker\u00fcl. A m\u00e1sodvet\u00e9sek eset\u00e9ben k\u00e9rem, ezt a t\u00e9nyt vegy\u00e9k figyelembe !<\/p>\n<p>A 2025. \u00e9vi gazd\u00e1lkod\u00e1si gyakorlati megval\u00f3s\u00edt\u00e1s szempontj\u00e1b\u00f3l a k\u00f6vetkez\u0151 egy\u00e9b fontos elemeket emeln\u00e9m ki , melynek betart\u00e1s\u00e1ra mindenkinek felh\u00edvn\u00e1m a figyelm\u00e9t :<\/p>\n<p>1; A gabonatarl\u00f3t , valamint a pihentetett ter\u00fcletet \u00a0szeptember 30-ig az \u00e9rz\u00e9keny id\u0151szakban nem, vagy csak sek\u00e9lyen lehetett t\u00e1rcs\u00e1zni . A k\u00f6vetkez\u0151 \u00e9vi kult\u00fara talaj el\u0151k\u00e9sz\u00edt\u00e9se sor\u00e1n most b\u00e1rmilyen munkafolyamat megengedett.<\/p>\n<p>2;A termel\u00e9shez k\u00f6t\u00f6tt sz\u00e1las feh\u00e9rjen\u00f6v\u00e9nyek kieg\u00e9sz\u00edt\u0151 t\u00e1mogat\u00e1s\u00e1t ig\u00e9nyl\u0151 gazd\u00e1knak szeptember 30-ig legal\u00e1bb egyszer le kellett kasz\u00e1lni a t\u00e1bl\u00e1t.<\/p>\n<p style=\"text-align: justify;\">3;\u00dajdons\u00e1g az el\u0151z\u0151 \u00e9vekhez k\u00e9pest, hogy a f\u00f3liabor\u00edt\u00e1s\u00fa n\u00f6v\u00e9nykult\u00far\u00e1kr\u00f3l a TMR nem tud megfelel\u0151 inform\u00e1ci\u00f3t gy\u0171jteni, ez\u00e9rt k\u00f6telez\u0151en legk\u00e9s\u0151bb a betakar\u00edt\u00e1s el\u0151tt termeszt\u0151berendez\u00e9senk\u00e9nt \u00e9s kult\u00far\u00e1nk\u00e9nt egy georefer\u00e1lt fot\u00f3 k\u00e9sz\u00edt\u00e9se \u00e9s felcsatol\u00e1sa sz\u00fcks\u00e9ges !<\/p>\n<p>4;Az A\u00d6P programban r\u00e9szt vev\u0151 gazd\u00e1k eset\u00e9ben a gyepter\u00fcletek kasz\u00e1l\u00e1s\u00e1t szeptember 30-ig el kellett v\u00e9gezni, s a munkafolyamatot 20 napon bel\u00fcl be kell jelenteni<\/p>\n<p>A TMR ellen\u0151rz\u00e9sr\u0151l bizonyos keretek k\u00f6z\u00f6tt mi is kapunk \u00e9rtes\u00edt\u00e9st. Az el\u0151z\u0151 \u00e9vhez k\u00e9pest elt\u00e9r\u00e9s , hogy egy adott feladatr\u00f3l csak egyszer fognak \u00e9rtes\u00edt\u00e9st kapni ( l\u00e1sd m\u00e1sodvet\u00e9s bejelent\u00e9si hat\u00e1rideje\u2026)<\/p>\n<p>Az el\u0151z\u0151 \u00e9v tapasztalatai alapj\u00e1n a tavalyi \u00e9vhez k\u00e9pest a rendszer finom\u00edt\u00e1sra ker\u00fclt. A Mobilgazda alkalmaz\u00e1ssal tov\u00e1bbra is feladat lesz a k\u00e9rd\u00e9ses ter\u00fcletr\u0151l a f\u00e9nyk\u00e9pk\u00e9sz\u00edt\u00e9s .<\/p>\n<p style=\"text-align: justify;\">Ha az idei \u00e9v sor\u00e1n <strong>elemi k\u00e1r<\/strong> \u00e9r b\u00e1rkit, a k\u00e1resem\u00e9ny bek\u00f6vetkezt\u00e9t\u0151l sz\u00e1m\u00edtott 15 napon bel\u00fcl azt be kellett jelenteni az MKR elektronikus fel\u00fclet\u00e9n. A bejelent\u00e9sre a Korm\u00e1nyhivatal Agr\u00e1rk\u00e1r-meg\u00e1llap\u00edt\u00f3 Szerv\u00e9t\u0151l \u00dcgyf\u00e9lkapun kereszt\u00fcl visszaigazol\u00e1st kaptak a k\u00e1r m\u00e9rt\u00e9k\u00e9r\u0151l. Erre , valamint az \u00e9rintett kult\u00far\u00e1k 2023-ban megtermett term\u00e9s mennyis\u00e9gi adataira sz\u00fcks\u00e9g lesz a K\u00e1renyh\u00edt\u00e9si t\u00e1mogat\u00e1si k\u00e9relem beny\u00fajt\u00e1s\u00e1hoz, melyet <strong>november 1 \u00e9s 30 k\u00f6z\u00f6tt kell majd bejelenteni<\/strong>!<\/p>\n<p>A szam\u00f3ca eset\u00e9ben a termel\u00e9shez k\u00f6t\u00f6tt intenz\u00edv gy\u00fcm\u00f6lcstermeszt\u00e9s t\u00e1mogat\u00e1s\u00e1t 2025-t\u0151l csak azok a termel\u0151k vehetik ig\u00e9nybe, akik a telep\u00edt\u00e9s t\u00e9ny\u00e9t bejelentik a Korm\u00e1nyhivatalhoz, ebben az esetben a Korm\u00e1nyhivatal Helysz\u00edni ellen\u0151rei a telep\u00edt\u00e9s t\u00e9ny\u00e9t, a sor \u00e9s t\u0151t\u00e1vols\u00e1got le fogj\u00e1k ellen\u0151rizni.<\/p>\n<p>M\u00e1sik lehet\u0151s\u00e9g, hogy a Mobilgazda alkalmaz\u00e1s seg\u00edts\u00e9g\u00e9vel a ter\u00fcletr\u0151l fot\u00f3t kell k\u00e9sz\u00edteni, s az \u00edgy elk\u00e9sz\u00fclt fot\u00f3kat eljuttatni az \u00c1lamkincst\u00e1rhoz. Az \u00e9rintetteket arra k\u00e9rem, keressenek<\/p>\n<p style=\"text-align: justify;\">\u00a0\u00a0\u00a0\u00a0\u00a0\u00a0\u00a0\u00a0\u00a0\u00a0\u00a0 A t\u00e9rs\u00e9g\u00fcnket sz\u00e9ler\u00f3zi\u00f3 \u00e9rz\u00e9keny ter\u00fclett\u00e9 min\u0151s\u00edtett\u00e9k, emiatt a t\u00e1mogat\u00e1s ig\u00e9nyl\u00e9s\u00e9nek szempontj\u00e1b\u00f3l t\u00f6bb \u00faj felt\u00e9tel is bevezet\u00e9sre ker\u00fclt. Egyik legfontosabb elem, hogy a ny\u00e1ri betakar\u00edt\u00e1s\u00fa n\u00f6v\u00e9nyek betakar\u00edt\u00e1s ut\u00e1ni tarl\u00f3\u00e1llapot\u00e1t meg kell \u0151rizni a k\u00f6vetkez\u0151 \u00e9vi n\u00f6v\u00e9nykult\u00fara talaj el\u0151k\u00e9sz\u00edt\u00e9si munk\u00e1latainak kezd\u00e9s\u00e9ig, a m\u00e1sik, hogy a f\u0151bb munkafolyamatokr\u00f3l gazd\u00e1lkod\u00e1si napl\u00f3t kell majd vezetni. Ez az Agr\u00e1rkamara honlapj\u00e1r\u00f3l let\u00f6lthet\u0151 lesz.<\/p>\n<p style=\"text-align: justify;\">T\u00f6bb blokk is Nitr\u00e1t\u00e9rz\u00e9keny ter\u00fclett\u00e9 \u00e9s Natura 2000-es ter\u00fclett\u00e9 v\u00e1lt, ezt az\u00a0 Egys\u00e9ges k\u00e9relem hiba\u00fczenetei k\u00f6z\u00f6tt lehet megtal\u00e1lni. Az ilyen blokkban l\u00e9v\u0151 gyepter\u00fcleteken k\u00f6rnyezetv\u00e9delmi szempontb\u00f3l kedvez\u0151 kasz\u00e1l\u00e1si m\u00f3dszereket kell alkalmazni, az els\u0151 kasz\u00e1l\u00e1st j\u00falius 1-ig el kell v\u00e9gezni, s a tervezett kasz\u00e1l\u00e1st a Kiskuns\u00e1gi Nemzeti Park fel\u00e9 el\u0151zetesen be kell jelenteni.<\/p>\n<p>\u00a0\u00a0\u00a0\u00a0\u00a0\u00a0\u00a0\u00a0\u00a0\u00a0\u00a0 Az Agr\u00e1r\u00f6kol\u00f3giai Programban r\u00e9szt vev\u0151 gazd\u00e1knak gazd\u00e1lkod\u00e1si napl\u00f3t kell vezetni, mely a NAK \u00e9s az \u00c1llamkincst\u00e1r oldal\u00e1r\u00f3l el\u00e9rhet\u0151. A N\u00c9BIH fel\u00fclet\u00e9r\u0151l tov\u00e1bbra is el\u00e9rhet\u0151 az Elektronikus Gazd\u00e1lkod\u00e1si Napl\u00f3 , melynek vezet\u00e9se csak lehet\u0151s\u00e9g. A gazd\u00e1lkod\u00e1si napl\u00f3t elektronikusan fel kell t\u00f6lteni a N\u00c9BIH rendszer\u00e9be 2026.janu\u00e1r 31-ig !<\/p>\n<p>Ez a gyakorlatban azt jelenti, hogy ugyanazon a neh\u00e9zkes fel\u00fcleten kell dolgoznunk, mint tavaly. Emiatt az a k\u00e9r\u00e9sem, hogy az A\u00d6P-ben \u00e9rintett termel\u0151k okt\u00f3ber h\u00f3napban keressenek egyeztet\u00e9sre !<\/p>\n<p>Az aktu\u00e1lis p\u00e1ly\u00e1zati lehet\u0151s\u00e9gek a <a href=\"http:\/\/www.szechenyi2020.hu\">www.szechenyi2020.hu<\/a> , <a href=\"http:\/\/www.fvm.hu\/\">www.fvm.hu<\/a> , a <a href=\"http:\/\/www.mvh.gov.hu\/\">www.mvh.gov.hu<\/a> \u00e9s a <a href=\"http:\/\/www.nak.hu\">www.nak.hu<\/a> honlapokon megtal\u00e1lhat\u00f3k, k\u00e9rem figyelj\u00e9k ezeket az oldalakat.<\/p>\n<p>MEGJELENT\u00a0 a Gazdas\u00e1g\u00e1tad\u00e1ssal kapcsolatos t\u00e1mogat\u00e1s felh\u00edv\u00e1sa !!!<\/p>\n<p>A t\u00e1mogat\u00e1s c\u00e9lja a gazdas\u00e1g\u00e1tad\u00e1s \u00f6szt\u00f6nz\u00e9se, a sikeres ut\u00f3dl\u00e1si szakaszokon alapul\u00f3 csal\u00e1di gazdas\u00e1gok t\u00e1rsadalmi \u00e9s gazdas\u00e1gi fenntarthat\u00f3s\u00e1g\u00e1nak el\u0151seg\u00edt\u00e9se a gazdas\u00e1g\u00e1tad\u00f3 t\u00e1mogat\u00e1s\u00e1val.<\/p>\n<p>Az ig\u00e9nyelhet\u0151 vissza nem t\u00e9r\u00edtend\u0151 t\u00e1mogat\u00e1s \u00f6sszege jogosults\u00e1gi felt\u00e9telt\u0151l f\u00fcgg\u0151en legal\u00e1bb 4 milli\u00f3 Ft, legfeljebb 20 milli\u00f3 Ft.<\/p>\n<p>R\u00e9szletek a KAP-RD07-1-25 felh\u00edv\u00e1sban a palyazat.gov.hu oldalon olvashat\u00f3k<\/p>\n<p>Az \u00fcgyf\u00e9lfogad\u00e1si rend a TMR ellen\u0151rz\u00e9sekben t\u00f6rt\u00e9n\u0151 tev\u00e9kenys\u00e9g\u00fcnk \u00e9s r\u00e9szv\u00e9tel\u00fcnk miatt m\u00f3dosulni fog, a fix \u00fcgyf\u00e9lfogad\u00e1s ideje kevesebb lesz. \u00a0Az aktu\u00e1lis heti \u00fcgyf\u00e9lfogad\u00e1si rendr\u0151l az iroda ajtaj\u00e1n kif\u00fcggesztve \u00e9rtes\u00edt\u00e9ssel leszek.<\/p>\n<p>&nbsp;<\/p>\n<p>A telefonsz\u00e1mom : 06-30\/337-2520<\/p>\n<p>E-mail c\u00edmem: gyuris.ferenc2@nak.hu<\/p>\n<p>Facebookon \/ Messengeren is el\u00e9rhet\u0151 vagyok Gyuris Ferenc n\u00e9ven.<\/p>\n<p>K\u00e9rd\u00e9sek eset\u00e9n \u00e1llok rendelkez\u00e9s\u00fckre.<\/p>\n<p>&nbsp;<\/p>\n<p><strong>\u00a0\u00a0\u00a0\u00a0\u00a0\u00a0\u00a0\u00a0\u00a0\u00a0\u00a0\u00a0\u00a0\u00a0\u00a0\u00a0\u00a0\u00a0\u00a0\u00a0\u00a0\u00a0\u00a0\u00a0\u00a0\u00a0\u00a0\u00a0\u00a0\u00a0\u00a0\u00a0\u00a0\u00a0\u00a0\u00a0\u00a0\u00a0\u00a0\u00a0\u00a0\u00a0\u00a0\u00a0\u00a0\u00a0\u00a0\u00a0\u00a0\u00a0\u00a0\u00a0\u00a0\u00a0\u00a0\u00a0\u00a0\u00a0\u00a0\u00a0\u00a0\u00a0\u00a0\u00a0\u00a0\u00a0\u00a0\u00a0\u00a0\u00a0 Tisztelettel : Nemzeti Agr\u00e1rgazdas\u00e1gi Kamara<\/strong><\/p>\n","protected":false},"excerpt":{"rendered":"<p>Tisztelt Termel\u0151k ! A 2025-\u00f6s \u00e9vi Egys\u00e9ges k\u00e9relem ellen\u0151rz\u00e9s\u00e9vel, feldolgoz\u00e1s\u00e1val, az el\u0151legfizet\u00e9sekkel kapcsolatban a k\u00f6vetkez\u0151 inform\u00e1ci\u00f3kat osztan\u00e1m meg \u00d6n\u00f6kkel Az Egys\u00e9ges K\u00e9relemmel kapcsolatos aktualit\u00e1sok: Szeptember 30-ig tartott az Egys\u00e9ges k\u00e9relem ellen\u0151rz\u00e9si id\u0151szaka, bizonyos elemek, t\u00e9nyez\u0151k ellen\u0151rz\u00e9se viszont folyamatos., mely jelenleg is tart. Az ellen\u0151rz\u00e9si folyamatok alapja a Ter\u00fcleti Monitoring Rendszer ( a tov\u00e1bbiakban TMR ), [&hellip;]<\/p>\n","protected":false},"author":2,"featured_media":0,"comment_status":"closed","ping_status":"open","sticky":false,"template":"","format":"standard","meta":{"_exactmetrics_skip_tracking":false,"_exactmetrics_sitenote_active":false,"_exactmetrics_sitenote_note":"","_exactmetrics_sitenote_category":0,"footnotes":""},"categories":[12],"tags":[],"yoast_head":"<!-- This site is optimized with the Yoast SEO plugin v23.4 - https:\/\/yoast.com\/wordpress\/plugins\/seo\/ -->\n<title>Okt\u00f3beri aktualit\u00e1sok \u2013 A falugazd\u00e1sz t\u00e1j\u00e9koztat\u00f3ja - forraskut.hu<\/title>\n<meta name=\"robots\" content=\"index, follow, max-snippet:-1, max-image-preview:large, max-video-preview:-1\" \/>\n<link rel=\"canonical\" href=\"https:\/\/forraskut.hu\/index.php\/oktoberi-aktualitasok-a-falugazdasz-tajekoztatoja-2\/\" \/>\n<meta property=\"og:locale\" content=\"hu_HU\" \/>\n<meta property=\"og:type\" content=\"article\" \/>\n<meta property=\"og:title\" content=\"Okt\u00f3beri aktualit\u00e1sok \u2013 A falugazd\u00e1sz t\u00e1j\u00e9koztat\u00f3ja - forraskut.hu\" \/>\n<meta property=\"og:description\" content=\"Tisztelt Termel\u0151k ! A 2025-\u00f6s \u00e9vi Egys\u00e9ges k\u00e9relem ellen\u0151rz\u00e9s\u00e9vel, feldolgoz\u00e1s\u00e1val, az el\u0151legfizet\u00e9sekkel kapcsolatban a k\u00f6vetkez\u0151 inform\u00e1ci\u00f3kat osztan\u00e1m meg \u00d6n\u00f6kkel Az Egys\u00e9ges K\u00e9relemmel kapcsolatos aktualit\u00e1sok: Szeptember 30-ig tartott az Egys\u00e9ges k\u00e9relem ellen\u0151rz\u00e9si id\u0151szaka, bizonyos elemek, t\u00e9nyez\u0151k ellen\u0151rz\u00e9se viszont folyamatos., mely jelenleg is tart. Az ellen\u0151rz\u00e9si folyamatok alapja a Ter\u00fcleti Monitoring Rendszer ( a tov\u00e1bbiakban TMR ), [&hellip;]\" \/>\n<meta property=\"og:url\" content=\"https:\/\/forraskut.hu\/index.php\/oktoberi-aktualitasok-a-falugazdasz-tajekoztatoja-2\/\" \/>\n<meta property=\"og:site_name\" content=\"forraskut.hu\" \/>\n<meta property=\"article:published_time\" content=\"2025-10-09T08:59:09+00:00\" \/>\n<meta property=\"og:image\" content=\"https:\/\/forraskut.hu\/wp-content\/uploads\/2024\/10\/naklogo.png\" \/>\n<meta name=\"author\" content=\"\u00d6rd\u00f6g Attila\" \/>\n<meta name=\"twitter:card\" content=\"summary_large_image\" \/>\n<meta name=\"twitter:label1\" content=\"Szerz\u0151:\" \/>\n\t<meta name=\"twitter:data1\" content=\"\u00d6rd\u00f6g Attila\" \/>\n\t<meta name=\"twitter:label2\" content=\"Becs\u00fclt olvas\u00e1si id\u0151\" \/>\n\t<meta name=\"twitter:data2\" content=\"5 perc\" \/>\n<script type=\"application\/ld+json\" class=\"yoast-schema-graph\">{\"@context\":\"https:\/\/schema.org\",\"@graph\":[{\"@type\":\"WebPage\",\"@id\":\"https:\/\/forraskut.hu\/index.php\/oktoberi-aktualitasok-a-falugazdasz-tajekoztatoja-2\/\",\"url\":\"https:\/\/forraskut.hu\/index.php\/oktoberi-aktualitasok-a-falugazdasz-tajekoztatoja-2\/\",\"name\":\"Okt\u00f3beri aktualit\u00e1sok \u2013 A falugazd\u00e1sz t\u00e1j\u00e9koztat\u00f3ja - forraskut.hu\",\"isPartOf\":{\"@id\":\"https:\/\/forraskut.hu\/#website\"},\"primaryImageOfPage\":{\"@id\":\"https:\/\/forraskut.hu\/index.php\/oktoberi-aktualitasok-a-falugazdasz-tajekoztatoja-2\/#primaryimage\"},\"image\":{\"@id\":\"https:\/\/forraskut.hu\/index.php\/oktoberi-aktualitasok-a-falugazdasz-tajekoztatoja-2\/#primaryimage\"},\"thumbnailUrl\":\"https:\/\/forraskut.hu\/wp-content\/uploads\/2024\/10\/naklogo.png\",\"datePublished\":\"2025-10-09T08:59:09+00:00\",\"dateModified\":\"2025-10-09T08:59:09+00:00\",\"author\":{\"@id\":\"https:\/\/forraskut.hu\/#\/schema\/person\/c9a884f241d1fd71f26c9493a315dfcc\"},\"breadcrumb\":{\"@id\":\"https:\/\/forraskut.hu\/index.php\/oktoberi-aktualitasok-a-falugazdasz-tajekoztatoja-2\/#breadcrumb\"},\"inLanguage\":\"hu\",\"potentialAction\":[{\"@type\":\"ReadAction\",\"target\":[\"https:\/\/forraskut.hu\/index.php\/oktoberi-aktualitasok-a-falugazdasz-tajekoztatoja-2\/\"]}]},{\"@type\":\"ImageObject\",\"inLanguage\":\"hu\",\"@id\":\"https:\/\/forraskut.hu\/index.php\/oktoberi-aktualitasok-a-falugazdasz-tajekoztatoja-2\/#primaryimage\",\"url\":\"https:\/\/forraskut.hu\/wp-content\/uploads\/2024\/10\/naklogo.png\",\"contentUrl\":\"https:\/\/forraskut.hu\/wp-content\/uploads\/2024\/10\/naklogo.png\",\"width\":225,\"height\":225},{\"@type\":\"BreadcrumbList\",\"@id\":\"https:\/\/forraskut.hu\/index.php\/oktoberi-aktualitasok-a-falugazdasz-tajekoztatoja-2\/#breadcrumb\",\"itemListElement\":[{\"@type\":\"ListItem\",\"position\":1,\"name\":\"Kezd\u0151lap\",\"item\":\"https:\/\/forraskut.hu\/\"},{\"@type\":\"ListItem\",\"position\":2,\"name\":\"Okt\u00f3beri aktualit\u00e1sok \u2013 A falugazd\u00e1sz t\u00e1j\u00e9koztat\u00f3ja\"}]},{\"@type\":\"WebSite\",\"@id\":\"https:\/\/forraskut.hu\/#website\",\"url\":\"https:\/\/forraskut.hu\/\",\"name\":\"forraskut.hu\",\"description\":\"Forr\u00e1sk\u00fat k\u00f6zs\u00e9g hivatalos weboldala\",\"potentialAction\":[{\"@type\":\"SearchAction\",\"target\":{\"@type\":\"EntryPoint\",\"urlTemplate\":\"https:\/\/forraskut.hu\/?s={search_term_string}\"},\"query-input\":{\"@type\":\"PropertyValueSpecification\",\"valueRequired\":true,\"valueName\":\"search_term_string\"}}],\"inLanguage\":\"hu\"},{\"@type\":\"Person\",\"@id\":\"https:\/\/forraskut.hu\/#\/schema\/person\/c9a884f241d1fd71f26c9493a315dfcc\",\"name\":\"\u00d6rd\u00f6g Attila\",\"image\":{\"@type\":\"ImageObject\",\"inLanguage\":\"hu\",\"@id\":\"https:\/\/forraskut.hu\/#\/schema\/person\/image\/\",\"url\":\"https:\/\/secure.gravatar.com\/avatar\/0957bfecd96d82739b49153153303524?s=96&d=mm&r=g\",\"contentUrl\":\"https:\/\/secure.gravatar.com\/avatar\/0957bfecd96d82739b49153153303524?s=96&d=mm&r=g\",\"caption\":\"\u00d6rd\u00f6g Attila\"},\"url\":\"https:\/\/forraskut.hu\/index.php\/author\/webmester\/\"}]}<\/script>\n<!-- \/ Yoast SEO plugin. -->","yoast_head_json":{"title":"Okt\u00f3beri aktualit\u00e1sok \u2013 A falugazd\u00e1sz t\u00e1j\u00e9koztat\u00f3ja - forraskut.hu","robots":{"index":"index","follow":"follow","max-snippet":"max-snippet:-1","max-image-preview":"max-image-preview:large","max-video-preview":"max-video-preview:-1"},"canonical":"https:\/\/forraskut.hu\/index.php\/oktoberi-aktualitasok-a-falugazdasz-tajekoztatoja-2\/","og_locale":"hu_HU","og_type":"article","og_title":"Okt\u00f3beri aktualit\u00e1sok \u2013 A falugazd\u00e1sz t\u00e1j\u00e9koztat\u00f3ja - forraskut.hu","og_description":"Tisztelt Termel\u0151k ! A 2025-\u00f6s \u00e9vi Egys\u00e9ges k\u00e9relem ellen\u0151rz\u00e9s\u00e9vel, feldolgoz\u00e1s\u00e1val, az el\u0151legfizet\u00e9sekkel kapcsolatban a k\u00f6vetkez\u0151 inform\u00e1ci\u00f3kat osztan\u00e1m meg \u00d6n\u00f6kkel Az Egys\u00e9ges K\u00e9relemmel kapcsolatos aktualit\u00e1sok: Szeptember 30-ig tartott az Egys\u00e9ges k\u00e9relem ellen\u0151rz\u00e9si id\u0151szaka, bizonyos elemek, t\u00e9nyez\u0151k ellen\u0151rz\u00e9se viszont folyamatos., mely jelenleg is tart. Az ellen\u0151rz\u00e9si folyamatok alapja a Ter\u00fcleti Monitoring Rendszer ( a tov\u00e1bbiakban TMR ), [&hellip;]","og_url":"https:\/\/forraskut.hu\/index.php\/oktoberi-aktualitasok-a-falugazdasz-tajekoztatoja-2\/","og_site_name":"forraskut.hu","article_published_time":"2025-10-09T08:59:09+00:00","og_image":[{"url":"https:\/\/forraskut.hu\/wp-content\/uploads\/2024\/10\/naklogo.png"}],"author":"\u00d6rd\u00f6g Attila","twitter_card":"summary_large_image","twitter_misc":{"Szerz\u0151:":"\u00d6rd\u00f6g Attila","Becs\u00fclt olvas\u00e1si id\u0151":"5 perc"},"schema":{"@context":"https:\/\/schema.org","@graph":[{"@type":"WebPage","@id":"https:\/\/forraskut.hu\/index.php\/oktoberi-aktualitasok-a-falugazdasz-tajekoztatoja-2\/","url":"https:\/\/forraskut.hu\/index.php\/oktoberi-aktualitasok-a-falugazdasz-tajekoztatoja-2\/","name":"Okt\u00f3beri aktualit\u00e1sok \u2013 A falugazd\u00e1sz t\u00e1j\u00e9koztat\u00f3ja - forraskut.hu","isPartOf":{"@id":"https:\/\/forraskut.hu\/#website"},"primaryImageOfPage":{"@id":"https:\/\/forraskut.hu\/index.php\/oktoberi-aktualitasok-a-falugazdasz-tajekoztatoja-2\/#primaryimage"},"image":{"@id":"https:\/\/forraskut.hu\/index.php\/oktoberi-aktualitasok-a-falugazdasz-tajekoztatoja-2\/#primaryimage"},"thumbnailUrl":"https:\/\/forraskut.hu\/wp-content\/uploads\/2024\/10\/naklogo.png","datePublished":"2025-10-09T08:59:09+00:00","dateModified":"2025-10-09T08:59:09+00:00","author":{"@id":"https:\/\/forraskut.hu\/#\/schema\/person\/c9a884f241d1fd71f26c9493a315dfcc"},"breadcrumb":{"@id":"https:\/\/forraskut.hu\/index.php\/oktoberi-aktualitasok-a-falugazdasz-tajekoztatoja-2\/#breadcrumb"},"inLanguage":"hu","potentialAction":[{"@type":"ReadAction","target":["https:\/\/forraskut.hu\/index.php\/oktoberi-aktualitasok-a-falugazdasz-tajekoztatoja-2\/"]}]},{"@type":"ImageObject","inLanguage":"hu","@id":"https:\/\/forraskut.hu\/index.php\/oktoberi-aktualitasok-a-falugazdasz-tajekoztatoja-2\/#primaryimage","url":"https:\/\/forraskut.hu\/wp-content\/uploads\/2024\/10\/naklogo.png","contentUrl":"https:\/\/forraskut.hu\/wp-content\/uploads\/2024\/10\/naklogo.png","width":225,"height":225},{"@type":"BreadcrumbList","@id":"https:\/\/forraskut.hu\/index.php\/oktoberi-aktualitasok-a-falugazdasz-tajekoztatoja-2\/#breadcrumb","itemListElement":[{"@type":"ListItem","position":1,"name":"Kezd\u0151lap","item":"https:\/\/forraskut.hu\/"},{"@type":"ListItem","position":2,"name":"Okt\u00f3beri aktualit\u00e1sok \u2013 A falugazd\u00e1sz t\u00e1j\u00e9koztat\u00f3ja"}]},{"@type":"WebSite","@id":"https:\/\/forraskut.hu\/#website","url":"https:\/\/forraskut.hu\/","name":"forraskut.hu","description":"Forr\u00e1sk\u00fat k\u00f6zs\u00e9g hivatalos weboldala","potentialAction":[{"@type":"SearchAction","target":{"@type":"EntryPoint","urlTemplate":"https:\/\/forraskut.hu\/?s={search_term_string}"},"query-input":{"@type":"PropertyValueSpecification","valueRequired":true,"valueName":"search_term_string"}}],"inLanguage":"hu"},{"@type":"Person","@id":"https:\/\/forraskut.hu\/#\/schema\/person\/c9a884f241d1fd71f26c9493a315dfcc","name":"\u00d6rd\u00f6g Attila","image":{"@type":"ImageObject","inLanguage":"hu","@id":"https:\/\/forraskut.hu\/#\/schema\/person\/image\/","url":"https:\/\/secure.gravatar.com\/avatar\/0957bfecd96d82739b49153153303524?s=96&d=mm&r=g","contentUrl":"https:\/\/secure.gravatar.com\/avatar\/0957bfecd96d82739b49153153303524?s=96&d=mm&r=g","caption":"\u00d6rd\u00f6g Attila"},"url":"https:\/\/forraskut.hu\/index.php\/author\/webmester\/"}]}},"_links":{"self":[{"href":"https:\/\/forraskut.hu\/index.php\/wp-json\/wp\/v2\/posts\/3654"}],"collection":[{"href":"https:\/\/forraskut.hu\/index.php\/wp-json\/wp\/v2\/posts"}],"about":[{"href":"https:\/\/forraskut.hu\/index.php\/wp-json\/wp\/v2\/types\/post"}],"author":[{"embeddable":true,"href":"https:\/\/forraskut.hu\/index.php\/wp-json\/wp\/v2\/users\/2"}],"replies":[{"embeddable":true,"href":"https:\/\/forraskut.hu\/index.php\/wp-json\/wp\/v2\/comments?post=3654"}],"version-history":[{"count":1,"href":"https:\/\/forraskut.hu\/index.php\/wp-json\/wp\/v2\/posts\/3654\/revisions"}],"predecessor-version":[{"id":3655,"href":"https:\/\/forraskut.hu\/index.php\/wp-json\/wp\/v2\/posts\/3654\/revisions\/3655"}],"wp:attachment":[{"href":"https:\/\/forraskut.hu\/index.php\/wp-json\/wp\/v2\/media?parent=3654"}],"wp:term":[{"taxonomy":"category","embeddable":true,"href":"https:\/\/forraskut.hu\/index.php\/wp-json\/wp\/v2\/categories?post=3654"},{"taxonomy":"post_tag","embeddable":true,"href":"https:\/\/forraskut.hu\/index.php\/wp-json\/wp\/v2\/tags?post=3654"}],"curies":[{"name":"wp","href":"https:\/\/api.w.org\/{rel}","templated":true}]}}