{"id":2016,"date":"2020-11-05T13:45:56","date_gmt":"2020-11-05T12:45:56","guid":{"rendered":"https:\/\/forraskut.hu\/?p=2016"},"modified":"2020-11-05T13:45:56","modified_gmt":"2020-11-05T12:45:56","slug":"novemberi-aktualitasok-2","status":"publish","type":"post","link":"https:\/\/forraskut.hu\/index.php\/novemberi-aktualitasok-2\/","title":{"rendered":"Novemberi aktualit\u00e1sok"},"content":{"rendered":"<p>A falugazd\u00e1sz t\u00e1j\u00e9koztat\u00f3ja<\/p>\n<p>Tisztelt Termel\u0151k !<\/p>\n<p style=\"text-align: justify;\">A koronav\u00edrus j\u00e1rv\u00e1ny miatt jelenleg az \u00fcgyf\u00e9lfogad\u00e1s a korl\u00e1toz\u00f3 int\u00e9zked\u00e9sek alapj\u00e1n a megszokott rendben zajlik<strong>.<\/strong> de tov\u00e1bbra is \u00e9rv\u00e9nyben maradnak v\u00edrus terjed\u00e9s\u00e9t megel\u0151z\u0151 rendelkez\u00e9sek : arcmaszk \u00e9s k\u00e9zfert\u0151tlen\u00edt\u0151 haszn\u00e1lata k\u00f6telez\u0151 , egym\u00e1st\u00f3l legal\u00e1bb m\u00e1sf\u00e9l m\u00e9ter t\u00e1vols\u00e1gtart\u00e1s k\u00f6telez\u0151 , emiatt a l\u00e9tsz\u00e1m korl\u00e1toz\u00e1sa lesz az \u00fcgyf\u00e9lv\u00e1rakoz\u00f3ban . A kis alapter\u00fclet\u0171 \u00fcgyf\u00e9lv\u00e1rakoz\u00f3 helyis\u00e9gek \u00e9s a k\u00f6zeled\u0151 h\u0171v\u00f6sebb id\u0151j\u00e1r\u00e1s miatt az \u00fcgyint\u00e9z\u00e9s telefonos id\u0151pont-egyeztet\u00e9s alapj\u00e1n fog t\u00f6rt\u00e9nni<\/p>\n<p>A szem\u00e9lyes jelenl\u00e9tet nem ig\u00e9nyl\u0151 \u00fcgyint\u00e9z\u00e9sre tov\u00e1bbra is lehet\u0151s\u00e9g van, ez\u00e9rt c\u00e9lszer\u0171 a telefonos egyeztet\u00e9s.<\/p>\n<p><strong>A 2020. \u00e9vi Egys\u00e9ges k\u00e9relmekkel kapcsolatos tudnival\u00f3k : <\/strong><!--more--><\/p>\n<p>A k\u00e9relmek m\u00f3dos\u00edt\u00e1s\u00e1ra november h\u00f3napban korl\u00e1tozottan, az esetek egyedi megbesz\u00e9l\u00e9se ut\u00e1n telefonon is lesz lehet\u0151s\u00e9g .<\/p>\n<p>A m\u00e1sodvet\u00e9s\u0171 n\u00f6v\u00e9nyek \u00fcltet\u00e9s\u00e9t, vet\u00e9s\u00e9t szeptember 30-ig lehetett bejelenteni. Ett\u0151l az \u00e9vt\u0151l az ellen\u0151rz\u00e9si gyakorlat meg fogja k\u00f6vetelni a m\u00e1sodvet\u00e9s\u0171 n\u00f6v\u00e9nyek betakar\u00edt\u00e1si idej\u00e9nek a bejelent\u00e9s\u00e9t is.<\/p>\n<p style=\"text-align: justify;\">A t\u00e1mogat\u00e1si k\u00e9relmek ellen\u0151rz\u00e9se, valamint a parlagf\u0171 \u00e9s egy\u00e9b gyomos ter\u00fcletek ellen\u0151rz\u00e9se a fagyokig folyamatos, k\u00e9rek mindenkit ennek figyelembe v\u00e9tel\u00e9re, mert adott esetben a parlagf\u00fcves ter\u00fcletek k\u00f6vetkezm\u00e9nye lehet a teljes t\u00e1mogat\u00e1si \u00f6sszeg megvon\u00e1sa.<\/p>\n<p style=\"text-align: justify;\">A z\u00f6lds\u00e9gf\u00e9l\u00e9k, a sz\u00e1las feh\u00e9rje n\u00f6v\u00e9nyek termel\u00e9shez k\u00f6t\u00f6tt kieg\u00e9sz\u00edt\u0151 t\u00e1mogat\u00e1st ig\u00e9nyl\u0151 gazd\u00e1knak a 2020-as \u00e9vre is gazd\u00e1lkod\u00e1si napl\u00f3t kell vezetni, mely az Internetr\u0151l is let\u00f6lthet\u0151, de n\u00e1lam is beszerezhet\u0151. A form\u00e1tuma a tavalyi \u00e9vhez k\u00e9pest nem v\u00e1ltozott<\/p>\n<p style=\"text-align: justify;\">V\u00e1ltoz\u00e1s az el\u0151z\u0151 \u00e9vhez k\u00e9pest: A z\u00f6lds\u00e9gf\u00e9l\u00e9k,\u00a0 az ipari z\u00f6lds\u00e9gn\u00f6v\u00e9nyek ( burgonya ) \u00e9s a sz\u00e1las feh\u00e9rjen\u00f6v\u00e9nyek ( lucerna ) termel\u00e9shez k\u00f6t\u00f6tt kieg\u00e9sz\u00edt\u0151 n\u00f6v\u00e9nyalap\u00fa t\u00e1mogat\u00e1s\u00e1t ig\u00e9nyl\u0151 termel\u0151knek adatszolg\u00e1ltat\u00e1si k\u00f6telezetts\u00e9g\u00fck keletkezett. A M\u00c1K Adatv\u00e1ltoz\u00e1s fel\u00fclet\u00e9n meg kell adni n\u00f6v\u00e9nyfajonk\u00e9nt a szapor\u00edt\u00f3anyag v\u00e1s\u00e1rl\u00e1s d\u00e1tum\u00e1t, bizonylatsz\u00e1mot , szapor\u00edt\u00f3anyag mennyis\u00e9g\u00e9t \u00e9s a LOT sz\u00e1mot . Ha ez ut\u00f3bbit nem tartalmazza a sz\u00e1mla, akkor a csomagol\u00f3 anyagr\u00f3l kell leolvasni ezt az azonos\u00edt\u00f3t. <strong>A k\u00e9r\u00e9sem, hogy aki m\u00e9g nem hozta be nekem a k\u00e9rt adatokat, mihamarabb juttass\u00e1k el nekem, mert a M\u00c1K a sz\u00fcks\u00e9ges adatok hi\u00e1ny\u00e1ban el fogja utas\u00edtani a kieg\u00e9sz\u00edt\u0151 t\u00e1mogat\u00e1sokat<\/strong><\/p>\n<p style=\"text-align: justify;\">A tavaszi fagyk\u00e1rt, asz\u00e1lyk\u00e1rt , j\u00e9gver\u00e9st stb szenvedett termel\u0151k, akinek a Korm\u00e1nyhivatal meg\u00e1llap\u00edtotta a t\u00e1bla szinten a 30 %-os kies\u00e9st , <strong>november 1 \u00e9s 30<\/strong> k\u00f6z\u00f6tt kell beny\u00fajtani a <strong>K\u00e1renyh\u00edt\u00e9si kifizet\u00e9si k\u00e9relmet<\/strong>. Ehhez a sz\u00fcks\u00e9ges inform\u00e1ci\u00f3 a kor\u00e1bbi \u00e9vekhez hasonl\u00f3an a k\u00e1rosodott kult\u00far\u00e1b\u00f3l az idei \u00e9vi term\u00e9smennyis\u00e9gi adatok. K\u00e9rem az \u00e9rintett \u00fcgyfeleket, az id\u0151pont egyeztet\u00e9se c\u00e9lj\u00e1b\u00f3l keressenek.<\/p>\n<p><strong>\u00a0\u00a0\u00a0\u00a0\u00a0\u00a0\u00a0\u00a0\u00a0\u00a0\u00a0 Az \u0151stermel\u0151i igazolv\u00e1nyokkal kapcsolatos tudnival\u00f3k<\/strong><\/p>\n<p style=\"text-align: justify;\">Az \u0151stermel\u0151i igazolv\u00e1ny ki\u00e1ll\u00edt\u00e1s\u00e1nak , bevon\u00e1s\u00e1nak \u00e9s \u00e9rv\u00e9nyes\u00edt\u00e9s\u00e9nek a szab\u00e1lyai eset\u00e9ben jogszab\u00e1lym\u00f3dos\u00edt\u00e1sok v\u00e1rhat\u00f3ak. A Tervezet szerint a 2020-ban hat\u00e1ly\u00e1t veszt\u0151 igazolv\u00e1nyok 2021.janu\u00e1r 1-t\u0151l automatikusan bet\u00e9tlap n\u00e9lk\u00fcl is \u00e9rv\u00e9nyesek lesznek. Lapz\u00e1rt\u00e1ig nem ker\u00fclt elfogad\u00e1sra a csal\u00e1di gazdas\u00e1gok \u00e9s az \u0151stermel\u0151k jog\u00e1ll\u00e1s\u00e1r\u00f3l sz\u00f3l\u00f3 t\u00f6rv\u00e9ny , de az \u00e9rv\u00e9nyes\u00edt\u00e9ssel kapcsolatos elj\u00e1r\u00e1srend fel van f\u00fcggesztve, teh\u00e1t el\u0151re mutat\u00f3 hat\u00e1llyal a kor\u00e1bban k\u00f6z\u00f6ltekkel ellent\u00e9tben nem \u00e9rv\u00e9nyes\u00edthet\u0151k az igazolv\u00e1nyok.<\/p>\n<p>\u00a0\u00a0\u00a0\u00a0\u00a0\u00a0\u00a0\u00a0\u00a0\u00a0\u00a0 Az \u00faj t\u00f6rv\u00e9ny c\u00e9lja a jelenleg fenn\u00e1ll\u00f3 \u0151stermel\u0151i \u00e9s csal\u00e1di gazdas\u00e1g rendszer\u00e9nek a teljes moderniz\u00e1l\u00e1sa<\/p>\n<p>A tervezet alapj\u00e1n fizik\u00e1lisan megsz\u0171nik az \u0151stermel\u0151i igazolv\u00e1ny , helyette az \u0151stermel\u0151i nyilv\u00e1ntart\u00e1s fog megjelenni, s ha valaki ebbe a nyilv\u00e1ntart\u00e1sban szerepel, akkor addig \u0151stermel\u0151nek fog min\u0151s\u00fclni, am\u00edg a tev\u00e9kenys\u00e9g\u00e9t v\u00e9gzi.<\/p>\n<p>Az \u0151stermel\u0151i tev\u00e9kenys\u00e9get lehet <strong>egy\u00e9nileg<\/strong> folytatni, valamint a mostani k\u00f6z\u00f6s \u0151stermel\u0151i igazolv\u00e1ny \u00e9s a csal\u00e1di gazdas\u00e1g \u00f6sszeolvad\u00e1s\u00e1val \u00fajonnan l\u00e9trej\u00f6v\u0151 form\u00e1ban, az <strong>\u0150stermel\u0151k Csal\u00e1di Gazdas\u00e1g\u00e1ban (\u00d6CSG) <\/strong>v\u00e9gezni, gazdas\u00e1gi t\u00e1rsas\u00e1gok eset\u00e9ben pedig <strong>Csal\u00e1di Mez\u0151gazdas\u00e1gi T\u00e1rsas\u00e1g<\/strong> (CSMT) form\u00e1j\u00e1ban v\u00e9gezni.<br \/>\nA nyilv\u00e1ntart\u00e1st v\u00e9gz\u0151 s az adategyeztet\u00e9si folyamatot v\u00e9grehajt\u00f3 szervezet tov\u00e1bbra is a Nemzeti Agr\u00e1rgazdas\u00e1gi Kamara lesz, melyben a Falugazd\u00e1szok fognak seg\u00edts\u00e9get ny\u00fajtani.<br \/>\nV\u00e1ltozni fognak az ad\u00f3mentess\u00e9g hat\u00e1rai is, err\u0151l a jogszab\u00e1ly megjelen\u00e9se ut\u00e1n fogok tudni \u00e9rdemben inform\u00e1ci\u00f3t k\u00f6z\u00f6lni.<\/p>\n<p>&nbsp;<\/p>\n<p>Az aktu\u00e1lis p\u00e1ly\u00e1zati lehet\u0151s\u00e9gek ( Jelenleg nyitott a Mez\u0151gazdas\u00e1gi kis\u00fczemek fejleszt\u00e9se !!!)\u00a0\u00a0 a <a href=\"http:\/\/www.szechenyi2020.hu\">www.szechenyi2020.hu<\/a> , <a href=\"http:\/\/www.fvm.hu\/\">www.fvm.hu<\/a> , a <a href=\"http:\/\/www.mvh.gov.hu\/\">www.mvh.gov.hu<\/a> \u00e9s a <a href=\"http:\/\/www.nak.hu\">www.nak.hu<\/a> honlapokon megtal\u00e1lhat\u00f3k, k\u00e9rem figyelj\u00e9k ezeket az oldalakat is<\/p>\n<p>&nbsp;<\/p>\n<p>&nbsp;<\/p>\n<p>A telefonsz\u00e1mom : 06-30\/337-2520<\/p>\n<p>E-mail c\u00edmem: gyuris.ferenc2@nak.hu<\/p>\n<p>Facebookon \/ Messengeren is el\u00e9rhet\u0151 vagyok Gyuris Ferenc n\u00e9ven, ide is k\u00fcldhetnek k\u00e9peket.<\/p>\n<p>&nbsp;<\/p>\n<p>Tisztelettel: Nemzeti agr\u00e1rgazdas\u00e1gi<\/p>\n","protected":false},"excerpt":{"rendered":"<p>A falugazd\u00e1sz t\u00e1j\u00e9koztat\u00f3ja Tisztelt Termel\u0151k ! A koronav\u00edrus j\u00e1rv\u00e1ny miatt jelenleg az \u00fcgyf\u00e9lfogad\u00e1s a korl\u00e1toz\u00f3 int\u00e9zked\u00e9sek alapj\u00e1n a megszokott rendben zajlik. de tov\u00e1bbra is \u00e9rv\u00e9nyben maradnak v\u00edrus terjed\u00e9s\u00e9t megel\u0151z\u0151 rendelkez\u00e9sek : arcmaszk \u00e9s k\u00e9zfert\u0151tlen\u00edt\u0151 haszn\u00e1lata k\u00f6telez\u0151 , egym\u00e1st\u00f3l legal\u00e1bb m\u00e1sf\u00e9l m\u00e9ter t\u00e1vols\u00e1gtart\u00e1s k\u00f6telez\u0151 , emiatt a l\u00e9tsz\u00e1m korl\u00e1toz\u00e1sa lesz az \u00fcgyf\u00e9lv\u00e1rakoz\u00f3ban . A kis alapter\u00fclet\u0171 [&hellip;]<\/p>\n","protected":false},"author":2,"featured_media":0,"comment_status":"closed","ping_status":"open","sticky":false,"template":"","format":"standard","meta":{"_exactmetrics_skip_tracking":false,"_exactmetrics_sitenote_active":false,"_exactmetrics_sitenote_note":"","_exactmetrics_sitenote_category":0,"footnotes":""},"categories":[12],"tags":[],"yoast_head":"<!-- This site is optimized with the Yoast SEO plugin v23.4 - https:\/\/yoast.com\/wordpress\/plugins\/seo\/ -->\n<title>Novemberi aktualit\u00e1sok - forraskut.hu<\/title>\n<meta name=\"robots\" content=\"index, follow, max-snippet:-1, max-image-preview:large, max-video-preview:-1\" \/>\n<link rel=\"canonical\" href=\"https:\/\/forraskut.hu\/index.php\/novemberi-aktualitasok-2\/\" \/>\n<meta property=\"og:locale\" content=\"hu_HU\" \/>\n<meta property=\"og:type\" content=\"article\" \/>\n<meta property=\"og:title\" content=\"Novemberi aktualit\u00e1sok - forraskut.hu\" \/>\n<meta property=\"og:description\" content=\"A falugazd\u00e1sz t\u00e1j\u00e9koztat\u00f3ja Tisztelt Termel\u0151k ! A koronav\u00edrus j\u00e1rv\u00e1ny miatt jelenleg az \u00fcgyf\u00e9lfogad\u00e1s a korl\u00e1toz\u00f3 int\u00e9zked\u00e9sek alapj\u00e1n a megszokott rendben zajlik. de tov\u00e1bbra is \u00e9rv\u00e9nyben maradnak v\u00edrus terjed\u00e9s\u00e9t megel\u0151z\u0151 rendelkez\u00e9sek : arcmaszk \u00e9s k\u00e9zfert\u0151tlen\u00edt\u0151 haszn\u00e1lata k\u00f6telez\u0151 , egym\u00e1st\u00f3l legal\u00e1bb m\u00e1sf\u00e9l m\u00e9ter t\u00e1vols\u00e1gtart\u00e1s k\u00f6telez\u0151 , emiatt a l\u00e9tsz\u00e1m korl\u00e1toz\u00e1sa lesz az \u00fcgyf\u00e9lv\u00e1rakoz\u00f3ban . A kis alapter\u00fclet\u0171 [&hellip;]\" \/>\n<meta property=\"og:url\" content=\"https:\/\/forraskut.hu\/index.php\/novemberi-aktualitasok-2\/\" \/>\n<meta property=\"og:site_name\" content=\"forraskut.hu\" \/>\n<meta property=\"article:published_time\" content=\"2020-11-05T12:45:56+00:00\" \/>\n<meta name=\"author\" content=\"\u00d6rd\u00f6g Attila\" \/>\n<meta name=\"twitter:card\" content=\"summary_large_image\" \/>\n<meta name=\"twitter:label1\" content=\"Szerz\u0151:\" \/>\n\t<meta name=\"twitter:data1\" content=\"\u00d6rd\u00f6g Attila\" \/>\n\t<meta name=\"twitter:label2\" content=\"Becs\u00fclt olvas\u00e1si id\u0151\" \/>\n\t<meta name=\"twitter:data2\" content=\"5 perc\" \/>\n<script type=\"application\/ld+json\" class=\"yoast-schema-graph\">{\"@context\":\"https:\/\/schema.org\",\"@graph\":[{\"@type\":\"WebPage\",\"@id\":\"https:\/\/forraskut.hu\/index.php\/novemberi-aktualitasok-2\/\",\"url\":\"https:\/\/forraskut.hu\/index.php\/novemberi-aktualitasok-2\/\",\"name\":\"Novemberi aktualit\u00e1sok - forraskut.hu\",\"isPartOf\":{\"@id\":\"https:\/\/forraskut.hu\/#website\"},\"datePublished\":\"2020-11-05T12:45:56+00:00\",\"dateModified\":\"2020-11-05T12:45:56+00:00\",\"author\":{\"@id\":\"https:\/\/forraskut.hu\/#\/schema\/person\/c9a884f241d1fd71f26c9493a315dfcc\"},\"breadcrumb\":{\"@id\":\"https:\/\/forraskut.hu\/index.php\/novemberi-aktualitasok-2\/#breadcrumb\"},\"inLanguage\":\"hu\",\"potentialAction\":[{\"@type\":\"ReadAction\",\"target\":[\"https:\/\/forraskut.hu\/index.php\/novemberi-aktualitasok-2\/\"]}]},{\"@type\":\"BreadcrumbList\",\"@id\":\"https:\/\/forraskut.hu\/index.php\/novemberi-aktualitasok-2\/#breadcrumb\",\"itemListElement\":[{\"@type\":\"ListItem\",\"position\":1,\"name\":\"Kezd\u0151lap\",\"item\":\"https:\/\/forraskut.hu\/\"},{\"@type\":\"ListItem\",\"position\":2,\"name\":\"Novemberi aktualit\u00e1sok\"}]},{\"@type\":\"WebSite\",\"@id\":\"https:\/\/forraskut.hu\/#website\",\"url\":\"https:\/\/forraskut.hu\/\",\"name\":\"forraskut.hu\",\"description\":\"Forr\u00e1sk\u00fat k\u00f6zs\u00e9g hivatalos weboldala\",\"potentialAction\":[{\"@type\":\"SearchAction\",\"target\":{\"@type\":\"EntryPoint\",\"urlTemplate\":\"https:\/\/forraskut.hu\/?s={search_term_string}\"},\"query-input\":{\"@type\":\"PropertyValueSpecification\",\"valueRequired\":true,\"valueName\":\"search_term_string\"}}],\"inLanguage\":\"hu\"},{\"@type\":\"Person\",\"@id\":\"https:\/\/forraskut.hu\/#\/schema\/person\/c9a884f241d1fd71f26c9493a315dfcc\",\"name\":\"\u00d6rd\u00f6g Attila\",\"image\":{\"@type\":\"ImageObject\",\"inLanguage\":\"hu\",\"@id\":\"https:\/\/forraskut.hu\/#\/schema\/person\/image\/\",\"url\":\"https:\/\/secure.gravatar.com\/avatar\/0957bfecd96d82739b49153153303524?s=96&d=mm&r=g\",\"contentUrl\":\"https:\/\/secure.gravatar.com\/avatar\/0957bfecd96d82739b49153153303524?s=96&d=mm&r=g\",\"caption\":\"\u00d6rd\u00f6g Attila\"},\"url\":\"https:\/\/forraskut.hu\/index.php\/author\/webmester\/\"}]}<\/script>\n<!-- \/ Yoast SEO plugin. -->","yoast_head_json":{"title":"Novemberi aktualit\u00e1sok - forraskut.hu","robots":{"index":"index","follow":"follow","max-snippet":"max-snippet:-1","max-image-preview":"max-image-preview:large","max-video-preview":"max-video-preview:-1"},"canonical":"https:\/\/forraskut.hu\/index.php\/novemberi-aktualitasok-2\/","og_locale":"hu_HU","og_type":"article","og_title":"Novemberi aktualit\u00e1sok - forraskut.hu","og_description":"A falugazd\u00e1sz t\u00e1j\u00e9koztat\u00f3ja Tisztelt Termel\u0151k ! A koronav\u00edrus j\u00e1rv\u00e1ny miatt jelenleg az \u00fcgyf\u00e9lfogad\u00e1s a korl\u00e1toz\u00f3 int\u00e9zked\u00e9sek alapj\u00e1n a megszokott rendben zajlik. de tov\u00e1bbra is \u00e9rv\u00e9nyben maradnak v\u00edrus terjed\u00e9s\u00e9t megel\u0151z\u0151 rendelkez\u00e9sek : arcmaszk \u00e9s k\u00e9zfert\u0151tlen\u00edt\u0151 haszn\u00e1lata k\u00f6telez\u0151 , egym\u00e1st\u00f3l legal\u00e1bb m\u00e1sf\u00e9l m\u00e9ter t\u00e1vols\u00e1gtart\u00e1s k\u00f6telez\u0151 , emiatt a l\u00e9tsz\u00e1m korl\u00e1toz\u00e1sa lesz az \u00fcgyf\u00e9lv\u00e1rakoz\u00f3ban . A kis alapter\u00fclet\u0171 [&hellip;]","og_url":"https:\/\/forraskut.hu\/index.php\/novemberi-aktualitasok-2\/","og_site_name":"forraskut.hu","article_published_time":"2020-11-05T12:45:56+00:00","author":"\u00d6rd\u00f6g Attila","twitter_card":"summary_large_image","twitter_misc":{"Szerz\u0151:":"\u00d6rd\u00f6g Attila","Becs\u00fclt olvas\u00e1si id\u0151":"5 perc"},"schema":{"@context":"https:\/\/schema.org","@graph":[{"@type":"WebPage","@id":"https:\/\/forraskut.hu\/index.php\/novemberi-aktualitasok-2\/","url":"https:\/\/forraskut.hu\/index.php\/novemberi-aktualitasok-2\/","name":"Novemberi aktualit\u00e1sok - forraskut.hu","isPartOf":{"@id":"https:\/\/forraskut.hu\/#website"},"datePublished":"2020-11-05T12:45:56+00:00","dateModified":"2020-11-05T12:45:56+00:00","author":{"@id":"https:\/\/forraskut.hu\/#\/schema\/person\/c9a884f241d1fd71f26c9493a315dfcc"},"breadcrumb":{"@id":"https:\/\/forraskut.hu\/index.php\/novemberi-aktualitasok-2\/#breadcrumb"},"inLanguage":"hu","potentialAction":[{"@type":"ReadAction","target":["https:\/\/forraskut.hu\/index.php\/novemberi-aktualitasok-2\/"]}]},{"@type":"BreadcrumbList","@id":"https:\/\/forraskut.hu\/index.php\/novemberi-aktualitasok-2\/#breadcrumb","itemListElement":[{"@type":"ListItem","position":1,"name":"Kezd\u0151lap","item":"https:\/\/forraskut.hu\/"},{"@type":"ListItem","position":2,"name":"Novemberi aktualit\u00e1sok"}]},{"@type":"WebSite","@id":"https:\/\/forraskut.hu\/#website","url":"https:\/\/forraskut.hu\/","name":"forraskut.hu","description":"Forr\u00e1sk\u00fat k\u00f6zs\u00e9g hivatalos weboldala","potentialAction":[{"@type":"SearchAction","target":{"@type":"EntryPoint","urlTemplate":"https:\/\/forraskut.hu\/?s={search_term_string}"},"query-input":{"@type":"PropertyValueSpecification","valueRequired":true,"valueName":"search_term_string"}}],"inLanguage":"hu"},{"@type":"Person","@id":"https:\/\/forraskut.hu\/#\/schema\/person\/c9a884f241d1fd71f26c9493a315dfcc","name":"\u00d6rd\u00f6g Attila","image":{"@type":"ImageObject","inLanguage":"hu","@id":"https:\/\/forraskut.hu\/#\/schema\/person\/image\/","url":"https:\/\/secure.gravatar.com\/avatar\/0957bfecd96d82739b49153153303524?s=96&d=mm&r=g","contentUrl":"https:\/\/secure.gravatar.com\/avatar\/0957bfecd96d82739b49153153303524?s=96&d=mm&r=g","caption":"\u00d6rd\u00f6g Attila"},"url":"https:\/\/forraskut.hu\/index.php\/author\/webmester\/"}]}},"_links":{"self":[{"href":"https:\/\/forraskut.hu\/index.php\/wp-json\/wp\/v2\/posts\/2016"}],"collection":[{"href":"https:\/\/forraskut.hu\/index.php\/wp-json\/wp\/v2\/posts"}],"about":[{"href":"https:\/\/forraskut.hu\/index.php\/wp-json\/wp\/v2\/types\/post"}],"author":[{"embeddable":true,"href":"https:\/\/forraskut.hu\/index.php\/wp-json\/wp\/v2\/users\/2"}],"replies":[{"embeddable":true,"href":"https:\/\/forraskut.hu\/index.php\/wp-json\/wp\/v2\/comments?post=2016"}],"version-history":[{"count":1,"href":"https:\/\/forraskut.hu\/index.php\/wp-json\/wp\/v2\/posts\/2016\/revisions"}],"predecessor-version":[{"id":2017,"href":"https:\/\/forraskut.hu\/index.php\/wp-json\/wp\/v2\/posts\/2016\/revisions\/2017"}],"wp:attachment":[{"href":"https:\/\/forraskut.hu\/index.php\/wp-json\/wp\/v2\/media?parent=2016"}],"wp:term":[{"taxonomy":"category","embeddable":true,"href":"https:\/\/forraskut.hu\/index.php\/wp-json\/wp\/v2\/categories?post=2016"},{"taxonomy":"post_tag","embeddable":true,"href":"https:\/\/forraskut.hu\/index.php\/wp-json\/wp\/v2\/tags?post=2016"}],"curies":[{"name":"wp","href":"https:\/\/api.w.org\/{rel}","templated":true}]}}