{"id":1855,"date":"2020-05-05T19:46:53","date_gmt":"2020-05-05T18:46:53","guid":{"rendered":"https:\/\/forraskut.hu\/?p=1855"},"modified":"2020-05-05T19:50:23","modified_gmt":"2020-05-05T18:50:23","slug":"majusi-aktualitasok-2","status":"publish","type":"post","link":"https:\/\/forraskut.hu\/index.php\/majusi-aktualitasok-2\/","title":{"rendered":"M\u00e1jusi aktualit\u00e1sok"},"content":{"rendered":"<p>A falugazd\u00e1sz t\u00e1j\u00e9koztat\u00f3ja.<\/p>\n<p>Tisztelt Termel\u0151k !<\/p>\n<p style=\"text-align: justify;\">A koronav\u00edrus j\u00e1rv\u00e1ny miatt rendk\u00edv\u00fcli munkarend l\u00e9pett \u00e9letbe a falugazd\u00e1sz h\u00e1l\u00f3zatn\u00e1l is . Ennek az a c\u00e9lja, hogy mindannyian meg\u0151rizz\u00fck az eg\u00e9szs\u00e9g\u00fcnket. A rendk\u00edv\u00fcli munkarend l\u00e9nyege, hogy \u00e1prilis 11-t\u0151l\u00a0 csak <strong><u>bizonyos irod\u00e1kban lehet szem\u00e9lyesen \u00fcgyet int\u00e9zni<\/u><\/strong>, kiz\u00e1r\u00f3lag telefonos id\u0151pont egyeztet\u00e9s alapj\u00e1n. Ezek az irod\u00e1k: Agr\u00e1rkamara Szeged Kossuth Lajos sgt. 17.(tel 62\/423-360 ) \u00e9s M\u00f3rahalom Falugazd\u00e1sz iroda R\u00f6szkei \u00fat 34. Forr\u00e1sk\u00faton \u00e9s Zsomb\u00f3n nincs szem\u00e9lyes \u00fcgyf\u00e9lfogad\u00e1s !!! Telefonon \u00e9s egy\u00e9b elektronikus fel\u00fcleten tov\u00e1bbra is \u00e1llok rendelkez\u00e9s\u00fckre.<\/p>\n<p>K\u00e9t fontos aktualit\u00e1st emeln\u00e9k ki:<\/p>\n<p><strong>\u00a0\u00a0\u00a0\u00a0\u00a0\u00a0\u00a0\u00a0\u00a0\u00a0\u00a0 Az \u0151stermel\u0151i igazolv\u00e1nyokkal kapcsolatos tudnival\u00f3k<\/strong><\/p>\n<p style=\"text-align: justify;\">Az \u0151stermel\u0151i igazolv\u00e1ny \u00e9rv\u00e9nyess\u00e9g\u00e9nek \u00e9s hat\u00e1lyoss\u00e1g\u00e1nak a tudnival\u00f3i az el\u0151z\u0151 sz\u00e1mokban szerepelnek, az \u00e9rv\u00e9nyes\u00edt\u00e9shez szem\u00e9lyes \u00fcgyint\u00e9z\u00e9s sz\u00fcks\u00e9ges ! Mindenk\u00e9ppen egyeztessenek id\u0151pontot !<\/p>\n<p style=\"text-align: justify;\"><strong>\u00c1prilis 6-\u00e1n elkezd\u0151d\u00f6tt az Egys\u00e9ges k\u00e9relem beny\u00fajt\u00e1si id\u0151szaka, amely a tervezet szerint m\u00e1jus 15-ig tart.<\/strong>Jelenleg nincs inform\u00e1ci\u00f3nk arr\u00f3l, hogy a beny\u00fajt\u00e1si hat\u00e1rid\u0151t esetlegesen meghosszabb\u00edtan\u00e1k . A hat\u00e1rid\u0151 ut\u00e1n beny\u00fajtott k\u00e9relmekre a kor\u00e1bbi \u00e9vekhez hasonl\u00f3an napt\u00e1ri naponk\u00e9nt egy %-os szankci\u00f3 v\u00e1rhat\u00f3.<!--more--><\/p>\n<p style=\"text-align: justify;\"><strong>E<\/strong><strong>bben az id\u0151szakban\u00a0 nem lesz lehets\u00e9ges a szem\u00e9lyes egyeztet\u00e9s, \u00fagy kell k\u00e9sz\u00fcln\u00fcnk, hogy a k\u00e9relem beny\u00fajt\u00e1sa <u>telefonos egyeztet\u00e9s alapj\u00e1n fog megt\u00f6rt\u00e9nni<\/u><\/strong>.<\/p>\n<p style=\"text-align: justify;\">A c\u00e9l az, hogy lehet\u0151leg g\u00f6rd\u00fcl\u00e9kenyen, \u00e9s a legnagyobb pontoss\u00e1ggal ny\u00fajtsuk be\u00a0 a k\u00e9relmeket.Ehhez sz\u00fcks\u00e9ges lesz a fokozottabb k\u00f6zrem\u0171k\u00f6d\u00e9s\u00fckre.<\/p>\n<p><strong>Fentiek alapj\u00e1n a k\u00f6vetkez\u0151kre k\u00e9rn\u00e9m \u00d6n\u00f6ket<\/strong> !<\/p>\n<p style=\"text-align: justify;\">1; K\u00e9sz\u00edts\u00e9k el\u0151 a tavalyi Ter\u00fcletalap\u00fa t\u00e1mogat\u00e1si k\u00e9relm\u00fcket. Rajzolj\u00e1k a t\u00e9rk\u00e9p r\u00e9szletre a t\u00e1bla alakj\u00e1t, \u00edrj\u00e1k mell\u00e9 a n\u00f6v\u00e9nykult\u00far\u00e1kat, \u00e9s a ter\u00fcletnagys\u00e1got! \u00a0Ha a t\u00e9rk\u00e9p kicsi, k\u00e9sz\u00edtsenek nagyobb m\u00e9ret\u0171 rajzot! C\u00e9lszer\u0171 r\u00e1\u00edrni a helyrajzi sz\u00e1mot\/sz\u00e1mokat is. Ha nem v\u00e1ltozott a ter\u00fclet nagys\u00e1ga, csak a kult\u00fara, \u00fagy nem sz\u00fcks\u00e9ges rajzolni. Amennyiben a vet\u00e9sszerkezet v\u00e1ltozott( pl. t\u00f6bb parcell\u00e1ra oszt\u00f3dik a ter\u00fclet\u00fcnk, vagy \u00f6sszevon\u00f3dnak a parcell\u00e1k stb. ), mindenk\u00e9ppen sz\u00fcks\u00e9ges a t\u00e9rk\u00e9prajz. A k\u00e9r\u00e9sem, hogy j\u00f3l elk\u00fcl\u00f6n\u00fclten \u00e9s egy\u00e9rtelm\u0171en t\u00f6rt\u00e9njenek a bejel\u00f6l\u00e9sek. Ha \u00faj ter\u00fclet van, akkor a telep\u00fcl\u00e9st, a helyrajzi sz\u00e1mot , a n\u00f6v\u00e9nykult\u00far\u00e1t \u00e9s a ter\u00fcletnagys\u00e1got \u00edrj\u00e1k le, sz\u00fcks\u00e9g eset\u00e9n itt is k\u00e9sz\u00edtsenek rajzot. Ezen adatok ismeret\u00e9ben tudom az \u00faj ter\u00fcletet r\u00f6gz\u00edteni.<\/p>\n<p style=\"text-align: justify;\">\u00a0Ha n\u00f6v\u00e9ny alap\u00fa termel\u00e9shez k\u00f6t\u00f6tt kieg\u00e9sz\u00edt\u0151 t\u00e1mogat\u00e1st is szeretn\u00e9nek ig\u00e9nyelni, azt is jel\u00f6lj\u00e9k meg a t\u00e9rk\u00e9pen. Ekkor sz\u00fcks\u00e9ges lesz majd a szapor\u00edt\u00f3 anyag mennyis\u00e9g\u00e9nek a felt\u00fcntet\u00e9se, a vet\u00e9s ideje is. Gy\u00fcm\u00f6lcs\u00f6s\u00f6k eset\u00e9n k\u00e9rem, jel\u00f6lj\u00e9k meg, hogy az extenz\u00edv\/ intenz\u00edv t\u00e1mogat\u00e1st ig\u00e9nylik-e ?<\/p>\n<p style=\"text-align: justify;\">2; <strong>A telefonos egyeztet\u00e9seknek ezek az inform\u00e1ci\u00f3k lesznek az alapjai, ezek fognak nekem t\u00e1mpontot ny\u00fajtani ahhoz, hogy a legpontosabban ny\u00fajtsam be a k\u00e9relm\u00fcket<\/strong>. A bonyolultabb ter\u00fcletek eset\u00e9ben szeretn\u00e9m k\u00e9rni \u00d6n\u00f6kt\u0151l elektronikus form\u00e1ban az \u00d6n\u00f6k \u00e1ltal berajzolt t\u00e9rk\u00e9pet , azaz f\u00e9nyk\u00e9pezz\u00e9k le\/szkennelj\u00e9k be (b\u00e1rmi megold\u00e1s j\u00f3), s k\u00fcldj\u00e9k el a megadott el\u00e9rhet\u0151s\u00e9gekre.<\/p>\n<p style=\"text-align: justify;\">Ha a tavalyi k\u00e9relem nincs meg, vagy nehezen olvashat\u00f3, az \u00d6n\u00f6k \u00e1ltal megadott e-mail c\u00edmre el tudom juttatni a pdf dokumentumot.\u00a0 A pdf dokumentum szerkeszthet\u0151, abba is lehet rajzolni, \u00edrni, b\u00e1rmi, ami megk\u00f6nny\u00edti a beazonos\u00edt\u00e1st.<\/p>\n<p style=\"text-align: justify;\">3; \u00c1llat alap\u00fa ( Szarvasmarha ) t\u00e1mogat\u00e1sok eset\u00e9n seg\u00edteni tudok abban, hogy az ENAR rendszerb\u0151l le tudom k\u00e9rdezni a t\u00e1mogathat\u00f3 \u00e1llatok list\u00e1j\u00e1t, s egyeztet\u00e9sre el tudom k\u00fcldeni az \u00d6n\u00f6k \u00e1ltal megadott e-mail c\u00edmre.<\/p>\n<p style=\"text-align: justify;\">4; Erd\u0151s jogc\u00edmek eset\u00e9n a m\u00e1r megl\u00e9v\u0151 erd\u0151k eset\u00e9ben a tavalyi k\u00e9relemb\u0151l el\u0151h\u00edvhat\u00f3k az adatok, azt a t\u00e9nyt tiszt\u00e1zz\u00e1k le a T\u00e1mogat\u00f3i Okiratb\u00f3l, hogy j\u00e1r-e m\u00e9g az Erd\u0151telep\u00edt\u00e9si t\u00e1mogat\u00e1sb\u00f3l valamilyen \u00f6sszeg, vagy csak a Ter\u00fcletalap\u00fa t\u00e1mogat\u00e1s? \u00daj erd\u0151 ig\u00e9nyl\u00e9s eset\u00e9n egyeztet\u00e9s sz\u00fcks\u00e9ges. Egy\u00e9b speci\u00e1lis jogc\u00edmek eset\u00e9ben szint\u00e9n egyeztet\u00e9s sz\u00fcks\u00e9ges.<\/p>\n<p style=\"text-align: justify;\"><strong>5; M\u00e1rcius 23-\u00e1n, illetve \u00e1prilis 1-\u00e9n a gy\u00fcm\u00f6lcs\u00f6s \u00fcltetv\u00e9nyekben fagyk\u00e1r keletkezett<\/strong>. Ennek a bejelent\u00e9s\u00e9re az el\u0151z\u0151 sz\u00e1mban le\u00edrtakt\u00f3l elt\u00e9r\u0151en <strong>m\u00e1jus 15-ig<\/strong> van lehet\u0151s\u00e9g, aki a K\u00e1renyh\u00edt\u00e9si rendszernek tagja. Az a k\u00e9r\u00e9sem, ha k\u00e1rosodott az \u00fcltetv\u00e9ny, mihamarabb vegy\u00e9k fel velem a kapcsolatot, mert a k\u00e1r bejelent\u00e9s\u00e9re csak akkor van lehet\u0151s\u00e9g, ha el\u0151zetesen a Ter\u00fcletalap\u00fa t\u00e1mogat\u00e1si k\u00e9relmet is elk\u00e9sz\u00edtj\u00fck.<br \/>\nA gabonaf\u00e9l\u00e9k asz\u00e1lyk\u00e1r bejelent\u00e9s\u00e9re m\u00e1jus 15 ut\u00e1n lesz lehet\u0151s\u00e9g, legk\u00e9s\u0151bb az arat\u00e1s megkezd\u00e9se el\u0151tt 15 napig lehet megtenni a k\u00e1rbejelent\u00e9st.<\/p>\n<p>6; <strong>A f\u0171szerpaprika vet\u0151mag de minimis<\/strong> t\u00e1mogat\u00e1sa m\u00e1jus 1. \u00e9s augusztus 5. k\u00f6z\u00f6tt lehets\u00e9ges, f\u00e9mz\u00e1rolt vet\u0151magr\u00f3l sz\u00f3l\u00f3 sz\u00e1mla \u00e9s tan\u00fas\u00edtv\u00e1ny sz\u00fcks\u00e9ges hozz\u00e1. A r\u00e9szletekr\u0151l m\u00e1jus 15. ut\u00e1n \u00e9rdekl\u0151djenek.<\/p>\n<p style=\"text-align: justify;\"><strong>Ebben a form\u00e1ban m\u00e9g nem dolgoztunk, biztos, hogy lesznek majd kezdeti neh\u00e9zs\u00e9gek. T\u00fcrelmet \u00e9s meg\u00e9rt\u00e9st szeretn\u00e9k k\u00e9rni mindenkit\u0151l. Mindenkinek a k\u00e9relme be lesz ny\u00fajtva a hat\u00e1rid\u0151n bel\u00fcl !<\/strong><\/p>\n<p style=\"text-align: justify;\">Az a k\u00e9r\u00e9sem, hogy a megbesz\u00e9lt id\u0151pontban mindenkin\u00e9l legyen ott a telefonja, meg az el\u0151k\u00e9sz\u00edtett rajzok, dokumentumok. A megbesz\u00e9lt id\u0151pontban \u00e9n fogom keresni a be\u00fctemezett \u00fcgyfeleket a k\u00e9relem bead\u00e1sa c\u00e9lj\u00e1b\u00f3l.<\/p>\n<p style=\"text-align: justify;\">Az Agr\u00e1rkamar\u00e1t\u00f3l m\u00e1r kaptak \u00e9rtes\u00edt\u00e9st, \u00e9n is fogom \u00d6n\u00f6ket sms form\u00e1j\u00e1ban keresni az id\u0151pont egyeztet\u00e9sre .Akit nem \u00e9rtem el, k\u00e9rem, mihamarabb jelentkezzenek ! ! !<\/p>\n<p style=\"text-align: justify;\">\u00a0Ha m\u00e1r az id\u0151pont k\u00e9r\u00e9sekor tudunk egyeztetni a ( teh\u00e1t m\u00e1r most tudj\u00e1k, hogy melyik t\u00e1bl\u00e1jukban mi lesz ), azzal sokat tudnak nekem seg\u00edteni.<\/p>\n<p style=\"text-align: justify;\">Nagy val\u00f3sz\u00edn\u0171s\u00e9ggel a telefonom sokszor fog foglalt \u00e1llapotot jelezni. A ki\u00edrt telefonsz\u00e1mot az adott nap folyam\u00e1n <strong>vissza fogom h\u00edvni<\/strong>. Emiatt az e-mailes megkeres\u00e9st javasoln\u00e1m mindenkinek.<\/p>\n<p>&nbsp;<\/p>\n<p>A telefonsz\u00e1mom : 06-30\/337-2520<\/p>\n<p>E-mail c\u00edmem: gyuris.ferenc2@nak.hu<\/p>\n<p>Facebookon \/ Messengeren is el\u00e9rhet\u0151 vagyok Gyuris Ferenc n\u00e9ven, ide is k\u00fcldhetnek k\u00e9peket.<\/p>\n<p>&nbsp;<\/p>\n<p>Mindk\u00e9t telep\u00fcl\u00e9sen az egyes t\u00e1mogat\u00e1si jogc\u00edmek ig\u00e9nyl\u00e9s\u00e9nek a felt\u00e9telei ki vannak f\u00fcggesztve. T\u00e1j\u00e9koztat\u00e1sul a k\u00f6zvetlen t\u00e1mogat\u00e1sok rendszere :<\/p>\n<p><strong>A k\u00f6zvetlen t\u00e1mogat\u00e1sok rendszere:<\/strong><\/p>\n<p><strong>1;Alapt\u00e1mogat\u00e1s+Z\u00f6ld\u00edt\u00e9s,A kisgazdas\u00e1gok t\u00e1mogat\u00e1sa, Fiatal gazd\u00e1lkod\u00f3k t\u00e1mogat\u00e1sa\u00a0\u00a0\u00a0\u00a0\u00a0\u00a0\u00a0 <\/strong><\/p>\n<p><strong>2;Kieg\u00e9sz\u00edt\u0151 t\u00e1mogat\u00e1sok, melyek a Ter\u00fcletalap\u00fa t\u00e1mogat\u00e1s felett ig\u00e9nyelhet\u0151k<\/strong><\/p>\n<p><strong>a; Z\u00f6lds\u00e9gf\u00e9l\u00e9k termel\u00e9shez k\u00f6t\u00f6tt t\u00e1mogat\u00e1sa<\/strong><\/p>\n<p><strong>b; Ipari z\u00f6lds\u00e9gf\u00e9l\u00e9k<\/strong> kieg\u00e9sz\u00edt\u0151 t\u00e1mogat\u00e1sa<\/p>\n<p><strong>c; Sz\u00e1las feh\u00e9rjen\u00f6v\u00e9nyek<\/strong><\/p>\n<p><strong>d; Gy\u00fcm\u00f6lcs \u00fcltetv\u00e9nyek<\/strong><\/p>\n<p><strong>e;Termel\u00e9shez k\u00f6t\u00f6tt \u00e1llat alap\u00fa t\u00e1mogat\u00e1sok\u00a0\u00a0\u00a0\u00a0\u00a0\u00a0\u00a0 <\/strong><\/p>\n<p><strong>H\u00edzott bika t\u00e1mogat\u00e1s<\/strong><\/p>\n<p><strong>H\u00fashaszn\u00fa anyateh\u00e9n t\u00e1mogat\u00e1s<\/strong><\/p>\n<p><strong>Tejhaszn\u00fa anyateh\u00e9n t\u00e1mogat\u00e1sa<\/strong><\/p>\n<p><strong>Erd\u0151s jogc\u00edmek<\/strong><\/p>\n<p>&nbsp;<\/p>\n<p>K\u00e9rd\u00e9sek eset\u00e9n \u00e1llok rendelkez\u00e9s\u00fckre.<\/p>\n<p>&nbsp;<\/p>\n<p>VIGY\u00c1ZZANAK MAGUKRA VIGY\u00c1ZZUNK EGYM\u00c1SRA<\/p>\n<p>&nbsp;<\/p>\n<p><strong>\u00a0<\/strong><\/p>\n<p style=\"text-align: right;\"><strong>\u00a0Tisztelettel : Nemzeti Agr\u00e1rgazdas\u00e1gi Kamara<\/strong><\/p>\n<p><strong>\u00a0<\/strong><\/p>\n","protected":false},"excerpt":{"rendered":"<p>A falugazd\u00e1sz t\u00e1j\u00e9koztat\u00f3ja. Tisztelt Termel\u0151k ! A koronav\u00edrus j\u00e1rv\u00e1ny miatt rendk\u00edv\u00fcli munkarend l\u00e9pett \u00e9letbe a falugazd\u00e1sz h\u00e1l\u00f3zatn\u00e1l is . Ennek az a c\u00e9lja, hogy mindannyian meg\u0151rizz\u00fck az eg\u00e9szs\u00e9g\u00fcnket. A rendk\u00edv\u00fcli munkarend l\u00e9nyege, hogy \u00e1prilis 11-t\u0151l\u00a0 csak bizonyos irod\u00e1kban lehet szem\u00e9lyesen \u00fcgyet int\u00e9zni, kiz\u00e1r\u00f3lag telefonos id\u0151pont egyeztet\u00e9s alapj\u00e1n. Ezek az irod\u00e1k: Agr\u00e1rkamara Szeged Kossuth Lajos sgt. [&hellip;]<\/p>\n","protected":false},"author":2,"featured_media":0,"comment_status":"closed","ping_status":"open","sticky":false,"template":"","format":"standard","meta":{"_exactmetrics_skip_tracking":false,"_exactmetrics_sitenote_active":false,"_exactmetrics_sitenote_note":"","_exactmetrics_sitenote_category":0,"footnotes":""},"categories":[12],"tags":[],"yoast_head":"<!-- This site is optimized with the Yoast SEO plugin v23.4 - https:\/\/yoast.com\/wordpress\/plugins\/seo\/ -->\n<title>M\u00e1jusi aktualit\u00e1sok - forraskut.hu<\/title>\n<meta name=\"robots\" content=\"index, follow, max-snippet:-1, max-image-preview:large, max-video-preview:-1\" \/>\n<link rel=\"canonical\" href=\"https:\/\/forraskut.hu\/index.php\/majusi-aktualitasok-2\/\" \/>\n<meta property=\"og:locale\" content=\"hu_HU\" \/>\n<meta property=\"og:type\" content=\"article\" \/>\n<meta property=\"og:title\" content=\"M\u00e1jusi aktualit\u00e1sok - forraskut.hu\" \/>\n<meta property=\"og:description\" content=\"A falugazd\u00e1sz t\u00e1j\u00e9koztat\u00f3ja. Tisztelt Termel\u0151k ! A koronav\u00edrus j\u00e1rv\u00e1ny miatt rendk\u00edv\u00fcli munkarend l\u00e9pett \u00e9letbe a falugazd\u00e1sz h\u00e1l\u00f3zatn\u00e1l is . Ennek az a c\u00e9lja, hogy mindannyian meg\u0151rizz\u00fck az eg\u00e9szs\u00e9g\u00fcnket. A rendk\u00edv\u00fcli munkarend l\u00e9nyege, hogy \u00e1prilis 11-t\u0151l\u00a0 csak bizonyos irod\u00e1kban lehet szem\u00e9lyesen \u00fcgyet int\u00e9zni, kiz\u00e1r\u00f3lag telefonos id\u0151pont egyeztet\u00e9s alapj\u00e1n. Ezek az irod\u00e1k: Agr\u00e1rkamara Szeged Kossuth Lajos sgt. [&hellip;]\" \/>\n<meta property=\"og:url\" content=\"https:\/\/forraskut.hu\/index.php\/majusi-aktualitasok-2\/\" \/>\n<meta property=\"og:site_name\" content=\"forraskut.hu\" \/>\n<meta property=\"article:published_time\" content=\"2020-05-05T18:46:53+00:00\" \/>\n<meta property=\"article:modified_time\" content=\"2020-05-05T18:50:23+00:00\" \/>\n<meta name=\"author\" content=\"\u00d6rd\u00f6g Attila\" \/>\n<meta name=\"twitter:card\" content=\"summary_large_image\" \/>\n<meta name=\"twitter:label1\" content=\"Szerz\u0151:\" \/>\n\t<meta name=\"twitter:data1\" content=\"\u00d6rd\u00f6g Attila\" \/>\n\t<meta name=\"twitter:label2\" content=\"Becs\u00fclt olvas\u00e1si id\u0151\" \/>\n\t<meta name=\"twitter:data2\" content=\"7 perc\" \/>\n<script type=\"application\/ld+json\" class=\"yoast-schema-graph\">{\"@context\":\"https:\/\/schema.org\",\"@graph\":[{\"@type\":\"WebPage\",\"@id\":\"https:\/\/forraskut.hu\/index.php\/majusi-aktualitasok-2\/\",\"url\":\"https:\/\/forraskut.hu\/index.php\/majusi-aktualitasok-2\/\",\"name\":\"M\u00e1jusi aktualit\u00e1sok - forraskut.hu\",\"isPartOf\":{\"@id\":\"https:\/\/forraskut.hu\/#website\"},\"datePublished\":\"2020-05-05T18:46:53+00:00\",\"dateModified\":\"2020-05-05T18:50:23+00:00\",\"author\":{\"@id\":\"https:\/\/forraskut.hu\/#\/schema\/person\/c9a884f241d1fd71f26c9493a315dfcc\"},\"breadcrumb\":{\"@id\":\"https:\/\/forraskut.hu\/index.php\/majusi-aktualitasok-2\/#breadcrumb\"},\"inLanguage\":\"hu\",\"potentialAction\":[{\"@type\":\"ReadAction\",\"target\":[\"https:\/\/forraskut.hu\/index.php\/majusi-aktualitasok-2\/\"]}]},{\"@type\":\"BreadcrumbList\",\"@id\":\"https:\/\/forraskut.hu\/index.php\/majusi-aktualitasok-2\/#breadcrumb\",\"itemListElement\":[{\"@type\":\"ListItem\",\"position\":1,\"name\":\"Kezd\u0151lap\",\"item\":\"https:\/\/forraskut.hu\/\"},{\"@type\":\"ListItem\",\"position\":2,\"name\":\"M\u00e1jusi aktualit\u00e1sok\"}]},{\"@type\":\"WebSite\",\"@id\":\"https:\/\/forraskut.hu\/#website\",\"url\":\"https:\/\/forraskut.hu\/\",\"name\":\"forraskut.hu\",\"description\":\"Forr\u00e1sk\u00fat k\u00f6zs\u00e9g hivatalos weboldala\",\"potentialAction\":[{\"@type\":\"SearchAction\",\"target\":{\"@type\":\"EntryPoint\",\"urlTemplate\":\"https:\/\/forraskut.hu\/?s={search_term_string}\"},\"query-input\":{\"@type\":\"PropertyValueSpecification\",\"valueRequired\":true,\"valueName\":\"search_term_string\"}}],\"inLanguage\":\"hu\"},{\"@type\":\"Person\",\"@id\":\"https:\/\/forraskut.hu\/#\/schema\/person\/c9a884f241d1fd71f26c9493a315dfcc\",\"name\":\"\u00d6rd\u00f6g Attila\",\"image\":{\"@type\":\"ImageObject\",\"inLanguage\":\"hu\",\"@id\":\"https:\/\/forraskut.hu\/#\/schema\/person\/image\/\",\"url\":\"https:\/\/secure.gravatar.com\/avatar\/0957bfecd96d82739b49153153303524?s=96&d=mm&r=g\",\"contentUrl\":\"https:\/\/secure.gravatar.com\/avatar\/0957bfecd96d82739b49153153303524?s=96&d=mm&r=g\",\"caption\":\"\u00d6rd\u00f6g Attila\"},\"url\":\"https:\/\/forraskut.hu\/index.php\/author\/webmester\/\"}]}<\/script>\n<!-- \/ Yoast SEO plugin. -->","yoast_head_json":{"title":"M\u00e1jusi aktualit\u00e1sok - forraskut.hu","robots":{"index":"index","follow":"follow","max-snippet":"max-snippet:-1","max-image-preview":"max-image-preview:large","max-video-preview":"max-video-preview:-1"},"canonical":"https:\/\/forraskut.hu\/index.php\/majusi-aktualitasok-2\/","og_locale":"hu_HU","og_type":"article","og_title":"M\u00e1jusi aktualit\u00e1sok - forraskut.hu","og_description":"A falugazd\u00e1sz t\u00e1j\u00e9koztat\u00f3ja. Tisztelt Termel\u0151k ! A koronav\u00edrus j\u00e1rv\u00e1ny miatt rendk\u00edv\u00fcli munkarend l\u00e9pett \u00e9letbe a falugazd\u00e1sz h\u00e1l\u00f3zatn\u00e1l is . Ennek az a c\u00e9lja, hogy mindannyian meg\u0151rizz\u00fck az eg\u00e9szs\u00e9g\u00fcnket. A rendk\u00edv\u00fcli munkarend l\u00e9nyege, hogy \u00e1prilis 11-t\u0151l\u00a0 csak bizonyos irod\u00e1kban lehet szem\u00e9lyesen \u00fcgyet int\u00e9zni, kiz\u00e1r\u00f3lag telefonos id\u0151pont egyeztet\u00e9s alapj\u00e1n. Ezek az irod\u00e1k: Agr\u00e1rkamara Szeged Kossuth Lajos sgt. [&hellip;]","og_url":"https:\/\/forraskut.hu\/index.php\/majusi-aktualitasok-2\/","og_site_name":"forraskut.hu","article_published_time":"2020-05-05T18:46:53+00:00","article_modified_time":"2020-05-05T18:50:23+00:00","author":"\u00d6rd\u00f6g Attila","twitter_card":"summary_large_image","twitter_misc":{"Szerz\u0151:":"\u00d6rd\u00f6g Attila","Becs\u00fclt olvas\u00e1si id\u0151":"7 perc"},"schema":{"@context":"https:\/\/schema.org","@graph":[{"@type":"WebPage","@id":"https:\/\/forraskut.hu\/index.php\/majusi-aktualitasok-2\/","url":"https:\/\/forraskut.hu\/index.php\/majusi-aktualitasok-2\/","name":"M\u00e1jusi aktualit\u00e1sok - forraskut.hu","isPartOf":{"@id":"https:\/\/forraskut.hu\/#website"},"datePublished":"2020-05-05T18:46:53+00:00","dateModified":"2020-05-05T18:50:23+00:00","author":{"@id":"https:\/\/forraskut.hu\/#\/schema\/person\/c9a884f241d1fd71f26c9493a315dfcc"},"breadcrumb":{"@id":"https:\/\/forraskut.hu\/index.php\/majusi-aktualitasok-2\/#breadcrumb"},"inLanguage":"hu","potentialAction":[{"@type":"ReadAction","target":["https:\/\/forraskut.hu\/index.php\/majusi-aktualitasok-2\/"]}]},{"@type":"BreadcrumbList","@id":"https:\/\/forraskut.hu\/index.php\/majusi-aktualitasok-2\/#breadcrumb","itemListElement":[{"@type":"ListItem","position":1,"name":"Kezd\u0151lap","item":"https:\/\/forraskut.hu\/"},{"@type":"ListItem","position":2,"name":"M\u00e1jusi aktualit\u00e1sok"}]},{"@type":"WebSite","@id":"https:\/\/forraskut.hu\/#website","url":"https:\/\/forraskut.hu\/","name":"forraskut.hu","description":"Forr\u00e1sk\u00fat k\u00f6zs\u00e9g hivatalos weboldala","potentialAction":[{"@type":"SearchAction","target":{"@type":"EntryPoint","urlTemplate":"https:\/\/forraskut.hu\/?s={search_term_string}"},"query-input":{"@type":"PropertyValueSpecification","valueRequired":true,"valueName":"search_term_string"}}],"inLanguage":"hu"},{"@type":"Person","@id":"https:\/\/forraskut.hu\/#\/schema\/person\/c9a884f241d1fd71f26c9493a315dfcc","name":"\u00d6rd\u00f6g Attila","image":{"@type":"ImageObject","inLanguage":"hu","@id":"https:\/\/forraskut.hu\/#\/schema\/person\/image\/","url":"https:\/\/secure.gravatar.com\/avatar\/0957bfecd96d82739b49153153303524?s=96&d=mm&r=g","contentUrl":"https:\/\/secure.gravatar.com\/avatar\/0957bfecd96d82739b49153153303524?s=96&d=mm&r=g","caption":"\u00d6rd\u00f6g Attila"},"url":"https:\/\/forraskut.hu\/index.php\/author\/webmester\/"}]}},"_links":{"self":[{"href":"https:\/\/forraskut.hu\/index.php\/wp-json\/wp\/v2\/posts\/1855"}],"collection":[{"href":"https:\/\/forraskut.hu\/index.php\/wp-json\/wp\/v2\/posts"}],"about":[{"href":"https:\/\/forraskut.hu\/index.php\/wp-json\/wp\/v2\/types\/post"}],"author":[{"embeddable":true,"href":"https:\/\/forraskut.hu\/index.php\/wp-json\/wp\/v2\/users\/2"}],"replies":[{"embeddable":true,"href":"https:\/\/forraskut.hu\/index.php\/wp-json\/wp\/v2\/comments?post=1855"}],"version-history":[{"count":4,"href":"https:\/\/forraskut.hu\/index.php\/wp-json\/wp\/v2\/posts\/1855\/revisions"}],"predecessor-version":[{"id":1859,"href":"https:\/\/forraskut.hu\/index.php\/wp-json\/wp\/v2\/posts\/1855\/revisions\/1859"}],"wp:attachment":[{"href":"https:\/\/forraskut.hu\/index.php\/wp-json\/wp\/v2\/media?parent=1855"}],"wp:term":[{"taxonomy":"category","embeddable":true,"href":"https:\/\/forraskut.hu\/index.php\/wp-json\/wp\/v2\/categories?post=1855"},{"taxonomy":"post_tag","embeddable":true,"href":"https:\/\/forraskut.hu\/index.php\/wp-json\/wp\/v2\/tags?post=1855"}],"curies":[{"name":"wp","href":"https:\/\/api.w.org\/{rel}","templated":true}]}}