{"id":1545,"date":"2019-04-05T10:01:17","date_gmt":"2019-04-05T09:01:17","guid":{"rendered":"http:\/\/forraskut.hu\/?p=1545"},"modified":"2019-04-05T14:36:42","modified_gmt":"2019-04-05T13:36:42","slug":"aprilisi-aktualitasok","status":"publish","type":"post","link":"https:\/\/forraskut.hu\/index.php\/aprilisi-aktualitasok\/","title":{"rendered":"\u00c1prilisi aktualit\u00e1sok"},"content":{"rendered":"<p>A falugazd\u00e1sz t\u00e1j\u00e9koztat\u00f3ja<\/p>\n<p><strong>Az \u0151stermel\u0151i igazolv\u00e1nyokkal kapcsolatos tudnival\u00f3k<\/strong><\/p>\n<p>A <strong>2016-ban ki\u00e1ll\u00edtott<\/strong> k\u00e1rtya alap\u00fa \u0151stermel\u0151i <strong>2018. december 31-ig voltak \u00a0\u00e9rv\u00e9nyesek<\/strong>.<\/p>\n<p>A m\u00e1rcius 20 ut\u00e1n ki\u00e1ll\u00edtott bet\u00e9tlappal az igazolv\u00e1ny csak a ki\u00e1ll\u00edt\u00e1s napj\u00e1t\u00f3l lesz \u00e9rv\u00e9nyes !<!--more--><\/p>\n<p>Az Egys\u00e9ges k\u00e9relem beny\u00fajt\u00e1s\u00e1nak az id\u0151szak\u00e1ban az \u0151stermel\u0151i igazolv\u00e1nyok \u00e9rv\u00e9nyes\u00edt\u00e9se csak korl\u00e1tozottan lesz lehets\u00e9ges. Az egy\u00e9b tudnival\u00f3k az el\u0151z\u0151 sz\u00e1mokban szerepelnek.<\/p>\n<p style=\"text-align: justify;\">\u00a0\u00a0\u00a0\u00a0\u00a0\u00a0\u00a0\u00a0\u00a0\u00a0\u00a0 Min\u0151s\u00e9gbiztos\u00edt\u00e1si \u00e9s egy\u00e9b elsz\u00e1mol\u00e1si okokb\u00f3l ezent\u00fal <strong><u>a falugazd\u00e1szn\u00e1l mindennem\u0171 \u00fcgyint\u00e9z\u00e9s csak az \u0151stermel\u0151i igazolv\u00e1ny,<\/u><\/strong> egy\u00e9ni v\u00e1llalkoz\u00f3k eset\u00e9ben <strong><u>a Kamarai k\u00e1rtya digit\u00e1lis beazonos\u00edt\u00e1sa<\/u><\/strong> ut\u00e1n lesz lehets\u00e9ges , ez\u00e9rt az a k\u00e9r\u00e9sem, hogy ezent\u00fal az \u00fcgyint\u00e9z\u00e9shez ezeket <strong>mindig hozz\u00e1k magukkal. <\/strong><\/p>\n<p>.<strong>A 2018-as ter\u00fcletalap\u00fa t\u00e1mogat\u00e1sok kifizet\u00e9s\u00e9vel kapcsolatos inform\u00e1ci\u00f3k : <\/strong><\/p>\n<p style=\"text-align: justify;\">A 2018. \u00e9vi t\u00e1mogat\u00e1sok kifizet\u00e9se folyamatos, a teljes k\u00f6r\u0171 kifizet\u00e9seket j\u00fanius 30-ig kell teljes\u00edteni a Magyar \u00c1llamkincst\u00e1rnak. Ezekkel kapcsolatosan a kifizetett, vagy a kifizet\u00e9sre ker\u00fcl\u0151 \u00f6sszegekr\u0151l k\u00fcl\u00f6nb\u00f6z\u0151 id\u0151pontokban fognak majd hat\u00e1rozatokat kapni , melyeket c\u00e9lszer\u0171 egyeztetni az egyenleg\u00e9rtes\u00edt\u0151k\u00f6n szerepl\u0151 adatokkal.<\/p>\n<p>\u00a0\u00a0\u00a0\u00a0\u00a0\u00a0\u00a0\u00a0\u00a0\u00a0\u00a0 <strong>Elkezd\u0151dik<\/strong> <strong>A 2019. \u00e9vi t\u00e1mogat\u00e1sok ig\u00e9nyl\u00e9se<\/strong> . A T\u00e1mogat\u00e1s beny\u00fajt\u00e1s\u00e1nak a hat\u00e1rideje<\/p>\n<ol start=\"2019\">\n<li style=\"text-align: justify;\"><strong><u> m\u00e1jus 15<\/u><\/strong> !. A gy\u00fcm\u00f6lcs\u00f6s\u00f6ket a m\u00e1rcius 28-\u00e1n \u00e9rt tavaszi fagyk\u00e1r k\u00e1rbejelent\u00e9s\u00e9nek a hat\u00e1rideje<br \/>\n\u00e1prilis 12 ! Az \u00e9rintett termel\u0151knek el kell k\u00e9sz\u00edteni a t\u00e1mogat\u00e1si k\u00e9relm\u00fcket, a k\u00e1rbejelent\u00e9sre csak ezut\u00e1n lesz lehet\u0151s\u00e9g.K\u00e9rek minden \u00e9rintettet, hogy amennyiben fagyk\u00e1r \u00e9rte a gy\u00fcm\u00f6lcs\u00f6s\u00fcket, mihamarabb jelentkezzenek.<\/li>\n<\/ol>\n<p>Lapz\u00e1rt\u00e1ig nem jelent meg a 2019. \u00e9vi Egys\u00e9ges k\u00e9relem rendelete, de alapjaiban nem v\u00e1ltozik a rendszer.<\/p>\n<p>A t\u00e1mogat\u00e1s rendszer\u00e9t a k\u00f6vetkez\u0151kben szeml\u00e9ltetn\u00e9m:<\/p>\n<p><img loading=\"lazy\" decoding=\"async\" class=\"wp-image-1546 aligncenter\" src=\"http:\/\/forraskut.hu\/wp-content\/uploads\/2019\/04\/gy_feri_2019_\u00e1prilis-300x172.png\" alt=\"\" width=\"502\" height=\"288\" srcset=\"https:\/\/forraskut.hu\/wp-content\/uploads\/2019\/04\/gy_feri_2019_\u00e1prilis-300x172.png 300w, https:\/\/forraskut.hu\/wp-content\/uploads\/2019\/04\/gy_feri_2019_\u00e1prilis.png 408w\" sizes=\"(max-width: 502px) 100vw, 502px\" \/><\/p>\n<p style=\"text-align: justify;\"><strong><em>Az alapt\u00e1mogat\u00e1s<\/em><\/strong> , melynek m\u00e9rt\u00e9ke <strong>144,7<\/strong> Euro\/ha ,az eddigi k\u00e9relmez\u00e9si rend szerint t\u00f6rt\u00e9nik 2020-ig, <u>minden ter\u00fclet\u00fcnkkel<\/u> jogosultak lesz\u00fcnk r\u00e1, amely megfelel a Helyes Mez\u0151gazdas\u00e1gi \u00e9s K\u00f6rnyezeti \u00c1llapot felt\u00e9teleinek (HMK\u00c1). Feladatunk ugyanaz, mint eddig, be kell rajzolni a <strong>kult\u00far\u00e1k<\/strong> <strong>ter\u00fcletnagys\u00e1g\u00e1t \u00e9s alakj\u00e1t<\/strong>.<\/p>\n<p><strong><em>A z\u00f6ld komponens, vagy z\u00f6ld\u00edt\u00e9s( m\u00e9rt\u00e9ke 81,3 Euro \/ha )<\/em><\/strong>:<\/p>\n<p><strong><u>\u00a0<\/u><\/strong><strong><u>Felt\u00e9telei<\/u><\/strong>:<\/p>\n<p>-t\u00e1rgy\u00e9vben termesztett <strong>n\u00f6v\u00e9nyek diverzifik\u00e1l\u00e1sa<\/strong>; <u>10 ha sz\u00e1nt\u00f3 ter\u00fcletnagys\u00e1g felett<\/u> legal\u00e1bb 2, 30 ha ter\u00fcletnagys\u00e1g felett 3 n\u00f6v\u00e9nykult\u00fara termeszt\u00e9se<\/p>\n<p><strong>-\u00e1lland\u00f3 gyepek fenntart\u00e1sa<\/strong>; 2012-ben \u00e1lland\u00f3 gyepnek felt\u00fcntetett ter\u00fcleteket nem szabad felt\u00f6rni, ez m\u00e1r l\u00e1tsz\u00f3dni fog az idei t\u00e1mogat\u00e1si k\u00e9relmek fot\u00f3in.<\/p>\n<p style=\"text-align: justify;\"><strong>-\u00f6kol\u00f3giai c\u00e9lter\u00fclet fenntart\u00e1sa <\/strong>(t\u00e1mogat\u00e1sra jogosult sz\u00e1nt\u00f3ter\u00fclet nagys\u00e1ga szerint).15 ha ter\u00fcletnagys\u00e1g felett k\u00f6telez\u0151en ki kell jel\u00f6lni a sz\u00e1nt\u00f3ter\u00fclet 5 %-\u00e1n, az elsz\u00e1molhat\u00f3 elemekr\u0151l ( pihentetett ter\u00fclet , lucerna elsz\u00e1molhat\u00f3 lesz\u2026lehet\u0151s\u00e9g lesz az \u00f6kol\u00f3giai c\u00e9l\u00fa m\u00e1sodvet\u00e9sre is.)<\/p>\n<p><strong><em>Fiatal gazd\u00e1lkod\u00f3knak juttatott t\u00e1mogat\u00e1s<\/em><\/strong>: 40 \u00e9vn\u00e9l fiatalabb gazd\u00e1lkod\u00f3k eset\u00e9ben lehets\u00e9ges, maximum 5 \u00e9vig lehet ig\u00e9nyelni.<\/p>\n<p><strong>Termel\u00e9shez k\u00f6t\u00f6tt t\u00e1mogat\u00e1si jogc\u00edmek<\/strong><\/p>\n<p>\u00c9vente k\u00f6zel <strong>~175 milli\u00f3 eur\u00f3<\/strong>, <strong>~52,5 mrd Ft<\/strong> \u2013 (300 HUF\/EUR \u00e1rfolyamon) \u00f6sszegben lehet <strong>kieg\u00e9sz\u00edt\u0151<\/strong> t\u00e1mogat\u00e1st k\u00e9rni az \u00e1llatteny\u00e9szt\u00e9si \u00e9s a n\u00f6v\u00e9nytermeszt\u00e9si \u00e1gazatokban a k\u00f6vetkez\u0151kre:<\/p>\n<p style=\"text-align: justify;\">Anyateh\u00e9n ,H\u00edzott bika, Tejhaszn\u00fa teh\u00e9n , Cukorr\u00e9pa, Rizs, Gy\u00fcm\u00f6lcs ( m\u00e9rt\u00e9ke kb 220 Euro,), Termel\u00e9shez k\u00f6t\u00f6tt z\u00f6lds\u00e9g t\u00e1mogat\u00e1s\u00e1ra ,ipari z\u00f6lds\u00e9gf\u00e9l\u00e9k t\u00e1mogat\u00e1s\u00e1ra , feh\u00e9rjen\u00f6v\u00e9nyek t\u00e1mogat\u00e1s\u00e1ra, (Szemes feh\u00e9rjen\u00f6v\u00e9nyek. Sz\u00e1las feh\u00e9rjen\u00f6v\u00e9nyek ( lucerna )), gy\u00fcm\u00f6lcs \u00fcltetv\u00e9nyek\u00a0 t\u00e1mogat\u00e1s\u00e1ra lehet a Ter\u00fcletalap\u00fa t\u00e1mogat\u00e1s f\u00f6l\u00e9 <strong>kieg\u00e9sz\u00edt\u0151 t\u00e1mogat\u00e1st<\/strong> ig\u00e9nyelni, melynek legfontosabb felt\u00e9tele a f\u00e9mz\u00e1rolt vagy certifik\u00e1lt szapor\u00edt\u00f3anyag haszn\u00e1lata a megfelel\u0151 mennyis\u00e9gben, gy\u00fcm\u00f6lcs\u00f6s\u00f6k eset\u00e9ben emellett az \u00fcltetv\u00e9ny t\u0151sz\u00e1mbe\u00e1llotts\u00e1ga \u00e9s kora, z\u00f6lds\u00e9g \u00e9s sz\u00e1las feh\u00e9rje n\u00f6v\u00e9nyek ig\u00e9nyl\u00e9se eset\u00e9n gazd\u00e1lkod\u00e1si napl\u00f3 vezet\u00e9se.<\/p>\n<p>A burgonya tavaly beker\u00fclt az ipari z\u00f6lds\u00e9gf\u00e9l\u00e9k kieg\u00e9sz\u00edt\u0151 t\u00e1mogat\u00e1sra jogosult n\u00f6v\u00e9nyek k\u00f6r\u00e9be , a gy\u00fcm\u00f6lcs \u00fcltetv\u00e9nyek eset\u00e9ben pedig k\u00e9t csoportra osztj\u00e1k az \u00fcltetv\u00e9nyeket: extenz\u00edv \u00e9s intenz\u00edv \u00fcltetv\u00e9nyek csoportj\u00e1ba.<\/p>\n<p>A burgonya vet\u0151gum\u00f3 sz\u00fcks\u00e9glet\u00e9t a k\u00f6vetkez\u0151 t\u00e1bl\u00e1zat tartalmazza:<\/p>\n<table width=\"363\">\n<tbody>\n<tr>\n<td width=\"128\"><strong>Burgonya gum\u00f3<\/strong><\/p>\n<p><strong>m\u00e9ret kateg\u00f3ria<\/strong><\/td>\n<td width=\"121\"><strong>Min. gum\u00f3<br \/>\ndarab\/hekt\u00e1r<\/strong><\/td>\n<td width=\"113\"><strong>Min. gum\u00f3<br \/>\ns\u00faly kg\/hekt\u00e1r<\/strong><\/td>\n<\/tr>\n<tr>\n<td width=\"128\"><strong>25-35 mm<\/strong><\/td>\n<td width=\"121\">50 000<\/td>\n<td width=\"113\">1 250<\/td>\n<\/tr>\n<tr>\n<td width=\"128\"><strong>35-45 mm<\/strong><\/td>\n<td width=\"121\">38 000<\/td>\n<td width=\"113\">2 000<\/td>\n<\/tr>\n<tr>\n<td width=\"128\"><strong>45-60 mm<\/strong><\/td>\n<td width=\"121\">30 000<\/td>\n<td width=\"113\">2 500<\/td>\n<\/tr>\n<tr>\n<td width=\"128\"><strong>25-45 mm<\/strong><\/td>\n<td width=\"121\">44 000<\/td>\n<td width=\"113\">1 625<\/td>\n<\/tr>\n<tr>\n<td width=\"128\"><strong>35-60 mm<\/strong><\/td>\n<td width=\"121\">34 000<\/td>\n<td width=\"113\">2 250<\/td>\n<\/tr>\n<tr>\n<td width=\"128\"><strong>28-60 mm<\/strong><\/td>\n<td width=\"121\">39 333<\/td>\n<td width=\"113\">1 916<\/td>\n<\/tr>\n<\/tbody>\n<\/table>\n<p>&nbsp;<\/p>\n<p style=\"text-align: justify;\">Gy\u00fcm\u00f6lcs\u00f6s eset\u00e9ben az extenz\u00edv gy\u00fcm\u00f6lcs \u00fcltetv\u00e9nyekre kb 70.000 Ft, intenz\u00edv \u00fcltetv\u00e9nyek eset\u00e9ben pedig kb 150.000 Ft kieg\u00e9sz\u00edt\u0151 t\u00e1mogat\u00e1s ig\u00e9nyelhet\u0151.\u00a0 k\u00fcl\u00f6nbs\u00e9g a hekt\u00e1ronk\u00e9nti t\u0151sz\u00e1mban van, az \u0151szibarack eset\u00e9ben 400 db\/ha \u2013os t\u0151sz\u00e1m az extenz\u00edv kateg\u00f3ri\u00e1ba fog tartozni..<\/p>\n<p><strong>Gyakorlati tudnival\u00f3k, feladatok a termel\u0151k r\u00e9sz\u00e9r\u0151l:<\/strong><\/p>\n<p style=\"text-align: justify;\">Az MVH regisztr\u00e1ci\u00f3s sz\u00e1m \u00e9s a <strong>JELSZ\u00d3<\/strong> ismeret\u00e9ben elk\u00e9sz\u00edtj\u00fck a meghatalmaz\u00e1sokat, ekkor tudjuk a k\u00e9relem kit\u00f6lt\u00e9s\u00e9t kezdeni.(<strong><u>Saj\u00e1t \u00dcgyf\u00e9lkapun nem ny\u00fajthatunk seg\u00edts\u00e9get a k\u00e9relem kit\u00f6lt\u00e9s\u00e9hez, k\u00e9rem, mindenki ig\u00e9nyeljen jelsz\u00f3t , a nyomtatv\u00e1ny n\u00e1lam beszerezhet\u0151!)<\/u><\/strong><\/p>\n<p>El\u0151zetesen a feladat az el\u0151z\u0151 \u00e9vekhez k\u00e9pest nem v\u00e1ltozik: <strong>pontos t\u00e1blarajz \u00e9s ter\u00fcletnagys\u00e1g , valamint a kult\u00far\u00e1k ismerete felt\u00e9tlen\u00fcl sz\u00fcks\u00e9ges.<\/strong><\/p>\n<p>Termel\u00e9shez k\u00f6t\u00f6tt jogc\u00edmek eset\u00e9ben :<\/p>\n<p style=\"text-align: justify;\">\u00c1llatalap\u00fa jogc\u00edmek eset\u00e9ben az ENAR sz\u00e1mok .A tavalyi \u00e9vt\u0151l lehet\u0151s\u00e9gem van az ENAR rendszerb\u0151l a jogosult \u00e1llatok ENAR sz\u00e1m\u00e1t lek\u00e9rdezni, mindenk\u00e9ppen sz\u00fcks\u00e9ges az ut\u00f3lagos ellen\u0151rz\u00e9s., \u00a0A<strong>z \u00e1llatorvosi igazol\u00e1st nem kell csatolni<\/strong> , azt k\u00f6zpontilag fogja a Magyar \u00c1llamkincst\u00e1r lek\u00e9rni a Korm\u00e1nyhivatalt\u00f3l.<\/p>\n<p>N\u00f6v\u00e9ny alap\u00fa jogc\u00edmek eset\u00e9ben meg kell adni az elvetett(\u00fcltetett) szapor\u00edt\u00f3anyag darabsz\u00e1m\u00e1t . A vet\u0151magsz\u00e1ml\u00e1kat, a Tan\u00fas\u00edtv\u00e1nyt , vagy a f\u00e9mz\u00e1rjegyeket\u00a0 c\u00e9lszer\u0171 elhozni, \u00a0de nem kell elektronikusan csatolni a k\u00e9relemhez !<\/p>\n<p>Az \u00fcltetv\u00e9nyes jogc\u00edmek eset\u00e9ben az \u00fcltetv\u00e9nyek param\u00e9tereinek az ismerete sz\u00fcks\u00e9ges ( db sz\u00e1m , a korra, t\u0151sz\u00e1mbe\u00e1llotts\u00e1gra,\u00a0 vonatkoz\u00f3 igazol\u00e1s k\u00e9s\u0151bb ker\u00fcl ki\u00e1ll\u00edt\u00e1sra)<\/p>\n<p style=\"text-align: justify;\"><strong>\u00a0\u00a0\u00a0\u00a0\u00a0\u00a0\u00a0\u00a0\u00a0\u00a0\u00a0 A t\u00e1mogat\u00e1s ig\u00e9nyl\u00e9se \u00fctemez\u00e9s alapj\u00e1n t\u00f6rt\u00e9nik. <\/strong>Az el\u0151z\u0151 \u00e9vben megszokottak alapj\u00e1n ez\u00faton k\u00e9rek mindenkit, hogy id\u0151pont egyeztet\u00e9sre jelentkezzenek. A tavalyi gyakorlat alapj\u00e1n szeretn\u00e9m elker\u00fclni a hosszabb v\u00e1rakoz\u00e1st ,nagyj\u00e1b\u00f3l f\u00e9l \u00f3r\u00e1s beoszt\u00e1sokkal el\u0151re megbesz\u00e9ln\u00e9nk az adott napon bel\u00fcl is az \u00f3ra-percet.<\/p>\n<p style=\"text-align: justify;\">FONTOS dokumentumok: Jelsz\u00f3, \u00e9s \u0151stermel\u0151i igazolv\u00e1ny. Ha a meghatalmaz\u00e1s \u00e9l, akkor az nem sz\u00fcks\u00e9ges, de az \u0151stermel\u0151i igazolv\u00e1ny ( Kamarai k\u00e1rtya) n\u00e9lk\u00fcl nem tudjuk elk\u00e9sz\u00edteni a k\u00e9relmet.<\/p>\n<p>&nbsp;<\/p>\n<p style=\"text-align: justify;\">A MAGOSZ \u00e9s a Nemzeti Agr\u00e1rgazdas\u00e1gi Kamara a leghat\u00e1rozottabban ki\u00e1ll az agr\u00e1rt\u00e1mogat\u00e1sok megv\u00e9d\u00e9se mellett, egy Pet\u00edci\u00f3t k\u00edv\u00e1nnak beny\u00fajtani a Bizotts\u00e1gn\u00e1l, melynek c\u00e9lja , hogy a t\u00e1mogat\u00e1sokat tov\u00e1bbra is a gazd\u00e1k kapj\u00e1k meg.<\/p>\n<p>Ha \u00d6n is egyet\u00e9rt ezzel a c\u00e9llal, a Falugazd\u00e1sz irod\u00e1ban az al\u00e1\u00edr\u00e1s\u00e1val t\u00e1mogathatja a Pet\u00edci\u00f3t..<\/p>\n<p style=\"text-align: justify;\">\u00a0Az aktu\u00e1lis inform\u00e1ci\u00f3k, p\u00e1ly\u00e1zati lehet\u0151s\u00e9gek a <a href=\"http:\/\/www.szechenyi2020.hu\">www.szechenyi2020.hu<\/a> , <a href=\"http:\/\/www.fvm.hu\/\">www.fvm.hu<\/a>, a <a href=\"http:\/\/www.mvh.gov.hu\/\">www.mvh.gov.hu<\/a> \u00e9s a <a href=\"http:\/\/www.nak.hu\">www.nak.hu<\/a> honlapokon , k\u00e9rem figyelj\u00e9k ezeket az oldalakat is<\/p>\n<p><strong>\u00a0<\/strong><\/p>\n<p><strong>\u00a0\u00a0\u00a0\u00a0\u00a0\u00a0\u00a0\u00a0\u00a0\u00a0\u00a0\u00a0\u00a0\u00a0\u00a0\u00a0\u00a0\u00a0\u00a0\u00a0\u00a0\u00a0\u00a0\u00a0\u00a0\u00a0\u00a0\u00a0\u00a0\u00a0\u00a0\u00a0\u00a0\u00a0\u00a0\u00a0\u00a0\u00a0\u00a0\u00a0\u00a0\u00a0\u00a0\u00a0\u00a0\u00a0\u00a0\u00a0\u00a0\u00a0\u00a0\u00a0\u00a0\u00a0\u00a0\u00a0\u00a0\u00a0\u00a0\u00a0\u00a0\u00a0\u00a0\u00a0\u00a0\u00a0\u00a0\u00a0\u00a0\u00a0 Tisztelettel : Nemzeti Agr\u00e1rgazdas\u00e1gi Kamara<\/strong><\/p>\n","protected":false},"excerpt":{"rendered":"<p>A falugazd\u00e1sz t\u00e1j\u00e9koztat\u00f3ja Az \u0151stermel\u0151i igazolv\u00e1nyokkal kapcsolatos tudnival\u00f3k A 2016-ban ki\u00e1ll\u00edtott k\u00e1rtya alap\u00fa \u0151stermel\u0151i 2018. december 31-ig voltak \u00a0\u00e9rv\u00e9nyesek. A m\u00e1rcius 20 ut\u00e1n ki\u00e1ll\u00edtott bet\u00e9tlappal az igazolv\u00e1ny csak a ki\u00e1ll\u00edt\u00e1s napj\u00e1t\u00f3l lesz \u00e9rv\u00e9nyes !<\/p>\n","protected":false},"author":2,"featured_media":0,"comment_status":"closed","ping_status":"open","sticky":false,"template":"","format":"standard","meta":{"_exactmetrics_skip_tracking":false,"_exactmetrics_sitenote_active":false,"_exactmetrics_sitenote_note":"","_exactmetrics_sitenote_category":0,"footnotes":""},"categories":[12],"tags":[],"yoast_head":"<!-- This site is optimized with the Yoast SEO plugin v23.4 - https:\/\/yoast.com\/wordpress\/plugins\/seo\/ -->\n<title>\u00c1prilisi aktualit\u00e1sok - forraskut.hu<\/title>\n<meta name=\"robots\" content=\"index, follow, max-snippet:-1, max-image-preview:large, max-video-preview:-1\" \/>\n<link rel=\"canonical\" href=\"https:\/\/forraskut.hu\/index.php\/aprilisi-aktualitasok\/\" \/>\n<meta property=\"og:locale\" content=\"hu_HU\" \/>\n<meta property=\"og:type\" content=\"article\" \/>\n<meta property=\"og:title\" content=\"\u00c1prilisi aktualit\u00e1sok - forraskut.hu\" \/>\n<meta property=\"og:description\" content=\"A falugazd\u00e1sz t\u00e1j\u00e9koztat\u00f3ja Az \u0151stermel\u0151i igazolv\u00e1nyokkal kapcsolatos tudnival\u00f3k A 2016-ban ki\u00e1ll\u00edtott k\u00e1rtya alap\u00fa \u0151stermel\u0151i 2018. december 31-ig voltak \u00a0\u00e9rv\u00e9nyesek. A m\u00e1rcius 20 ut\u00e1n ki\u00e1ll\u00edtott bet\u00e9tlappal az igazolv\u00e1ny csak a ki\u00e1ll\u00edt\u00e1s napj\u00e1t\u00f3l lesz \u00e9rv\u00e9nyes !\" \/>\n<meta property=\"og:url\" content=\"https:\/\/forraskut.hu\/index.php\/aprilisi-aktualitasok\/\" \/>\n<meta property=\"og:site_name\" content=\"forraskut.hu\" \/>\n<meta property=\"article:published_time\" content=\"2019-04-05T09:01:17+00:00\" \/>\n<meta property=\"article:modified_time\" content=\"2019-04-05T13:36:42+00:00\" \/>\n<meta name=\"author\" content=\"\u00d6rd\u00f6g Attila\" \/>\n<meta name=\"twitter:card\" content=\"summary_large_image\" \/>\n<meta name=\"twitter:label1\" content=\"Szerz\u0151:\" \/>\n\t<meta name=\"twitter:data1\" content=\"\u00d6rd\u00f6g Attila\" \/>\n\t<meta name=\"twitter:label2\" content=\"Becs\u00fclt olvas\u00e1si id\u0151\" \/>\n\t<meta name=\"twitter:data2\" content=\"7 perc\" \/>\n<script type=\"application\/ld+json\" class=\"yoast-schema-graph\">{\"@context\":\"https:\/\/schema.org\",\"@graph\":[{\"@type\":\"WebPage\",\"@id\":\"https:\/\/forraskut.hu\/index.php\/aprilisi-aktualitasok\/\",\"url\":\"https:\/\/forraskut.hu\/index.php\/aprilisi-aktualitasok\/\",\"name\":\"\u00c1prilisi aktualit\u00e1sok - forraskut.hu\",\"isPartOf\":{\"@id\":\"https:\/\/forraskut.hu\/#website\"},\"datePublished\":\"2019-04-05T09:01:17+00:00\",\"dateModified\":\"2019-04-05T13:36:42+00:00\",\"author\":{\"@id\":\"https:\/\/forraskut.hu\/#\/schema\/person\/c9a884f241d1fd71f26c9493a315dfcc\"},\"breadcrumb\":{\"@id\":\"https:\/\/forraskut.hu\/index.php\/aprilisi-aktualitasok\/#breadcrumb\"},\"inLanguage\":\"hu\",\"potentialAction\":[{\"@type\":\"ReadAction\",\"target\":[\"https:\/\/forraskut.hu\/index.php\/aprilisi-aktualitasok\/\"]}]},{\"@type\":\"BreadcrumbList\",\"@id\":\"https:\/\/forraskut.hu\/index.php\/aprilisi-aktualitasok\/#breadcrumb\",\"itemListElement\":[{\"@type\":\"ListItem\",\"position\":1,\"name\":\"Kezd\u0151lap\",\"item\":\"https:\/\/forraskut.hu\/\"},{\"@type\":\"ListItem\",\"position\":2,\"name\":\"\u00c1prilisi aktualit\u00e1sok\"}]},{\"@type\":\"WebSite\",\"@id\":\"https:\/\/forraskut.hu\/#website\",\"url\":\"https:\/\/forraskut.hu\/\",\"name\":\"forraskut.hu\",\"description\":\"Forr\u00e1sk\u00fat k\u00f6zs\u00e9g hivatalos weboldala\",\"potentialAction\":[{\"@type\":\"SearchAction\",\"target\":{\"@type\":\"EntryPoint\",\"urlTemplate\":\"https:\/\/forraskut.hu\/?s={search_term_string}\"},\"query-input\":{\"@type\":\"PropertyValueSpecification\",\"valueRequired\":true,\"valueName\":\"search_term_string\"}}],\"inLanguage\":\"hu\"},{\"@type\":\"Person\",\"@id\":\"https:\/\/forraskut.hu\/#\/schema\/person\/c9a884f241d1fd71f26c9493a315dfcc\",\"name\":\"\u00d6rd\u00f6g Attila\",\"image\":{\"@type\":\"ImageObject\",\"inLanguage\":\"hu\",\"@id\":\"https:\/\/forraskut.hu\/#\/schema\/person\/image\/\",\"url\":\"https:\/\/secure.gravatar.com\/avatar\/0957bfecd96d82739b49153153303524?s=96&d=mm&r=g\",\"contentUrl\":\"https:\/\/secure.gravatar.com\/avatar\/0957bfecd96d82739b49153153303524?s=96&d=mm&r=g\",\"caption\":\"\u00d6rd\u00f6g Attila\"},\"url\":\"https:\/\/forraskut.hu\/index.php\/author\/webmester\/\"}]}<\/script>\n<!-- \/ Yoast SEO plugin. -->","yoast_head_json":{"title":"\u00c1prilisi aktualit\u00e1sok - forraskut.hu","robots":{"index":"index","follow":"follow","max-snippet":"max-snippet:-1","max-image-preview":"max-image-preview:large","max-video-preview":"max-video-preview:-1"},"canonical":"https:\/\/forraskut.hu\/index.php\/aprilisi-aktualitasok\/","og_locale":"hu_HU","og_type":"article","og_title":"\u00c1prilisi aktualit\u00e1sok - forraskut.hu","og_description":"A falugazd\u00e1sz t\u00e1j\u00e9koztat\u00f3ja Az \u0151stermel\u0151i igazolv\u00e1nyokkal kapcsolatos tudnival\u00f3k A 2016-ban ki\u00e1ll\u00edtott k\u00e1rtya alap\u00fa \u0151stermel\u0151i 2018. december 31-ig voltak \u00a0\u00e9rv\u00e9nyesek. A m\u00e1rcius 20 ut\u00e1n ki\u00e1ll\u00edtott bet\u00e9tlappal az igazolv\u00e1ny csak a ki\u00e1ll\u00edt\u00e1s napj\u00e1t\u00f3l lesz \u00e9rv\u00e9nyes !","og_url":"https:\/\/forraskut.hu\/index.php\/aprilisi-aktualitasok\/","og_site_name":"forraskut.hu","article_published_time":"2019-04-05T09:01:17+00:00","article_modified_time":"2019-04-05T13:36:42+00:00","author":"\u00d6rd\u00f6g Attila","twitter_card":"summary_large_image","twitter_misc":{"Szerz\u0151:":"\u00d6rd\u00f6g Attila","Becs\u00fclt olvas\u00e1si id\u0151":"7 perc"},"schema":{"@context":"https:\/\/schema.org","@graph":[{"@type":"WebPage","@id":"https:\/\/forraskut.hu\/index.php\/aprilisi-aktualitasok\/","url":"https:\/\/forraskut.hu\/index.php\/aprilisi-aktualitasok\/","name":"\u00c1prilisi aktualit\u00e1sok - forraskut.hu","isPartOf":{"@id":"https:\/\/forraskut.hu\/#website"},"datePublished":"2019-04-05T09:01:17+00:00","dateModified":"2019-04-05T13:36:42+00:00","author":{"@id":"https:\/\/forraskut.hu\/#\/schema\/person\/c9a884f241d1fd71f26c9493a315dfcc"},"breadcrumb":{"@id":"https:\/\/forraskut.hu\/index.php\/aprilisi-aktualitasok\/#breadcrumb"},"inLanguage":"hu","potentialAction":[{"@type":"ReadAction","target":["https:\/\/forraskut.hu\/index.php\/aprilisi-aktualitasok\/"]}]},{"@type":"BreadcrumbList","@id":"https:\/\/forraskut.hu\/index.php\/aprilisi-aktualitasok\/#breadcrumb","itemListElement":[{"@type":"ListItem","position":1,"name":"Kezd\u0151lap","item":"https:\/\/forraskut.hu\/"},{"@type":"ListItem","position":2,"name":"\u00c1prilisi aktualit\u00e1sok"}]},{"@type":"WebSite","@id":"https:\/\/forraskut.hu\/#website","url":"https:\/\/forraskut.hu\/","name":"forraskut.hu","description":"Forr\u00e1sk\u00fat k\u00f6zs\u00e9g hivatalos weboldala","potentialAction":[{"@type":"SearchAction","target":{"@type":"EntryPoint","urlTemplate":"https:\/\/forraskut.hu\/?s={search_term_string}"},"query-input":{"@type":"PropertyValueSpecification","valueRequired":true,"valueName":"search_term_string"}}],"inLanguage":"hu"},{"@type":"Person","@id":"https:\/\/forraskut.hu\/#\/schema\/person\/c9a884f241d1fd71f26c9493a315dfcc","name":"\u00d6rd\u00f6g Attila","image":{"@type":"ImageObject","inLanguage":"hu","@id":"https:\/\/forraskut.hu\/#\/schema\/person\/image\/","url":"https:\/\/secure.gravatar.com\/avatar\/0957bfecd96d82739b49153153303524?s=96&d=mm&r=g","contentUrl":"https:\/\/secure.gravatar.com\/avatar\/0957bfecd96d82739b49153153303524?s=96&d=mm&r=g","caption":"\u00d6rd\u00f6g Attila"},"url":"https:\/\/forraskut.hu\/index.php\/author\/webmester\/"}]}},"_links":{"self":[{"href":"https:\/\/forraskut.hu\/index.php\/wp-json\/wp\/v2\/posts\/1545"}],"collection":[{"href":"https:\/\/forraskut.hu\/index.php\/wp-json\/wp\/v2\/posts"}],"about":[{"href":"https:\/\/forraskut.hu\/index.php\/wp-json\/wp\/v2\/types\/post"}],"author":[{"embeddable":true,"href":"https:\/\/forraskut.hu\/index.php\/wp-json\/wp\/v2\/users\/2"}],"replies":[{"embeddable":true,"href":"https:\/\/forraskut.hu\/index.php\/wp-json\/wp\/v2\/comments?post=1545"}],"version-history":[{"count":1,"href":"https:\/\/forraskut.hu\/index.php\/wp-json\/wp\/v2\/posts\/1545\/revisions"}],"predecessor-version":[{"id":1547,"href":"https:\/\/forraskut.hu\/index.php\/wp-json\/wp\/v2\/posts\/1545\/revisions\/1547"}],"wp:attachment":[{"href":"https:\/\/forraskut.hu\/index.php\/wp-json\/wp\/v2\/media?parent=1545"}],"wp:term":[{"taxonomy":"category","embeddable":true,"href":"https:\/\/forraskut.hu\/index.php\/wp-json\/wp\/v2\/categories?post=1545"},{"taxonomy":"post_tag","embeddable":true,"href":"https:\/\/forraskut.hu\/index.php\/wp-json\/wp\/v2\/tags?post=1545"}],"curies":[{"name":"wp","href":"https:\/\/api.w.org\/{rel}","templated":true}]}}