{"id":1539,"date":"2019-03-29T13:25:57","date_gmt":"2019-03-29T12:25:57","guid":{"rendered":"http:\/\/forraskut.hu\/?p=1539"},"modified":"2019-03-29T13:26:35","modified_gmt":"2019-03-29T12:26:35","slug":"kozlemeny-a-2019-20-as-nevelesi-ev-ovodai-beiratkozas-rendjerol","status":"publish","type":"post","link":"https:\/\/forraskut.hu\/index.php\/kozlemeny-a-2019-20-as-nevelesi-ev-ovodai-beiratkozas-rendjerol\/","title":{"rendered":"Fenntart\u00f3i k\u00f6zlem\u00e9ny a 2019\/20-as nevel\u00e9si \u00e9v  \u00f3vodai beiratkoz\u00e1s rendj\u00e9r\u0151l"},"content":{"rendered":"<ol>\n<li><strong>Az \u00f3vodai felv\u00e9tel, az \u00f3vodai jogviszony l\u00e9tes\u00edt\u00e9se a 2019\/20-es nevel\u00e9si \u00e9vben<\/strong><\/li>\n<\/ol>\n<p>K\u00f6telez\u0151 be\u00edratni azt a gyermeket<\/p>\n<ul>\n<li>aki <strong>a harmadik \u00e9let\u00e9v\u00e9t 2019. augusztus 31-ig bet\u00f6lti, illetve bet\u00f6lt\u00f6tte<\/strong><\/li>\n<\/ul>\n<ol>\n<li><strong>Az \u00f3vodai beiratkoz\u00e1s id\u0151pontja: <\/strong><\/li>\n<li><strong> m\u00e1jus 8-9-10. napja (szerda, cs\u00fct\u00f6rt\u00f6k, p\u00e9ntek) 8:00-15:00 \u00f3ra<br \/>\nHelye: Forr\u00e1sk\u00fati Margar\u00e9t \u00d3voda \u00e9s B\u00f6lcs\u0151de 6793 Forr\u00e1sk\u00fat, D\u00f3zsa Gy\u00f6rgy utca 10.<\/strong><\/li>\n<\/ol>\n<p>A gyermek \u00f3vodai be\u00edrat\u00e1s\u00e1hoz sz\u00fcks\u00e9ges k\u00f6zokiratok, dokumentumok:<!--more--><\/p>\n<ul>\n<li>a gyermek sz\u00fclet\u00e9si anyak\u00f6nyvi kivonata<\/li>\n<li>a gyermek nev\u00e9re ki\u00e1ll\u00edtott szem\u00e9lyi azonos\u00edt\u00f3 \u00e9s lakc\u00edmet igazol\u00f3 hat\u00f3s\u00e1gi igazolv\u00e1ny (a gyermek lakc\u00edmk\u00e1rty\u00e1ja),<\/li>\n<li>a gyermek TAJ k\u00e1rty\u00e1ja,<\/li>\n<li>a sz\u00fcl\u0151 szem\u00e9lyi azonos\u00edt\u00f3 \u00e9s lakc\u00edmet igazol\u00f3 hat\u00f3s\u00e1gi igazolv\u00e1nya.<\/li>\n<li><strong>Az \u00f3vod\u00e1ztat\u00e1si k\u00f6telezetts\u00e9g nem teljes\u00edt\u00e9se eset\u00e9n alkalmazhat\u00f3 jogk\u00f6vetkezm\u00e9nyek<\/strong><\/li>\n<\/ul>\n<p style=\"text-align: justify;\">Az 3. \u00e9let\u00e9vet bet\u00f6lt\u00f6tt gyermek be\u00edrat\u00e1s\u00e1nak elmulaszt\u00e1s\u00e1t a szab\u00e1lys\u00e9rt\u00e9sekr\u0151l, a szab\u00e1lys\u00e9rt\u00e9si elj\u00e1r\u00e1sr\u00f3l \u00e9s a szab\u00e1lys\u00e9rt\u00e9si nyilv\u00e1ntart\u00e1si rendszerr\u0151l sz\u00f3l\u00f3 <a href=\"https:\/\/uj.jogtar.hu\/login?o=doc\/id\/A1200002.TV\/lr\/lawrefP(247)\">2012. \u00e9vi II. tv. 247. \u00a7-a<\/a> szerint az a sz\u00fcl\u0151 vagy t\u00f6rv\u00e9nyes k\u00e9pvisel\u0151<\/p>\n<ol>\n<li>aki a sz\u00fcl\u0151i fel\u00fcgyelete vagy gy\u00e1ms\u00e1ga alatt \u00e1ll\u00f3 gyermeket kell\u0151 id\u0151ben az \u00f3vod\u00e1ba, illetve az iskol\u00e1ba nem \u00edratja be,<\/li>\n<li>aki nem biztos\u00edtja, hogy s\u00falyos \u00e9s halmozottan fogyat\u00e9kos gyermeke a fejl\u0151d\u00e9s\u00e9t biztos\u00edt\u00f3 nevel\u00e9sben, nevel\u00e9s-oktat\u00e1sban vegyen r\u00e9szt,<\/li>\n<li style=\"text-align: justify;\">akinek a sz\u00fcl\u0151i fel\u00fcgyelete vagy gy\u00e1ms\u00e1ga alatt \u00e1ll\u00f3 gyermeke ugyanabban az \u00f3vodai nevel\u00e9si \u00e9vben igazolatlanul a jogszab\u00e1lyban meghat\u00e1rozott m\u00e9rt\u00e9ket vagy ann\u00e1l t\u00f6bbet mulaszt, szab\u00e1lys\u00e9rt\u00e9st k\u00f6vet el, amely p\u00e9nzb\u00edrs\u00e1ggal s\u00fajthat\u00f3.<\/li>\n<\/ol>\n<p style=\"text-align: justify;\">Ha a gyermek az nemzeti k\u00f6znevel\u00e9sr\u0151l sz\u00f3l\u00f3 <a href=\"https:\/\/uj.jogtar.hu\/login?o=doc\/id\/A1100190.TV\">2011. \u00e9vi CXC. t\u00f6rv\u00e9ny<\/a> (a tov\u00e1bbiakban: <a href=\"https:\/\/uj.jogtar.hu\/login?o=doc\/id\/A1100190.TV\">Nkt.<\/a>) <a href=\"https:\/\/uj.jogtar.hu\/login?o=doc\/id\/A1100190.TV\/lr\/lawrefP(8)B(2)\">8. \u00a7 (2) bekezd\u00e9se<\/a> alapj\u00e1n vesz r\u00e9szt \u00f3vodai nevel\u00e9sben, \u00e9s egy nevel\u00e9si \u00e9vben igazolatlanul \u00f6t nevel\u00e9si napn\u00e1l t\u00f6bbet mulaszt, az \u00f3voda vezet\u0151je, \u2014 a gyermekv\u00e9delmi \u00e9s gy\u00e1m\u00fcgyi feladat- \u00e9s hat\u00e1sk\u00f6r\u00f6k ell\u00e1t\u00e1s\u00e1r\u00f3l, valamint a gy\u00e1mhat\u00f3s\u00e1g szervezet\u00e9r\u0151l \u00e9s illet\u00e9kess\u00e9g\u00e9r\u0151l sz\u00f3l\u00f3 <a href=\"https:\/\/uj.jogtar.hu\/login?o=doc\/id\/A0600331.KOR\">331\/2006. (XII. 23.) Korm. rendeletben<\/a> foglaltakkal \u00f6sszhangban \u2014 \u00e9rtes\u00edti a gyermek t\u00e9nyleges tart\u00f3zkod\u00e1si helye szerint illet\u00e9kes gy\u00e1mhat\u00f3s\u00e1got \u00e9s a gyermekj\u00f3l\u00e9ti szolg\u00e1latot.<\/p>\n<p style=\"text-align: justify;\">A szab\u00e1lys\u00e9rt\u00e9sekr\u0151l, a szab\u00e1lys\u00e9rt\u00e9si elj\u00e1r\u00e1sr\u00f3l \u00e9s a szab\u00e1lys\u00e9rt\u00e9si nyilv\u00e1ntart\u00e1si rendszerr\u0151l sz\u00f3l\u00f3 <a href=\"https:\/\/uj.jogtar.hu\/login?o=doc\/id\/A1200002.TV\/lr\/lawrefP(247)p(c)\">2012. \u00e9vi II. t\u00f6rv\u00e9ny 247. \u00a7 <em>c)<\/em> pontja<\/a> szerinti szab\u00e1lys\u00e9rt\u00e9si t\u00e9ny\u00e1ll\u00e1s megval\u00f3sul\u00e1s\u00e1hoz sz\u00fcks\u00e9ges mulaszt\u00e1s m\u00e9rt\u00e9ke az <a href=\"https:\/\/uj.jogtar.hu\/login?o=doc\/id\/A1100190.TV\/lr\/lawrefP(24)B(3)\">Nkt. 24. \u00a7 (3) bekezd\u00e9se<\/a> alapj\u00e1n \u00f3vodai nevel\u00e9sben r\u00e9szt vev\u0151 gyermek eset\u00e9n t\u00edz nap.<\/p>\n<p style=\"text-align: justify;\">Az a sz\u00fcl\u0151 vagy t\u00f6rv\u00e9nyes k\u00e9pvisel\u0151, aki a sz\u00fcl\u0151i fel\u00fcgyelete vagy gy\u00e1ms\u00e1ga alatt \u00e1ll\u00f3 az \u00f3vodai nevel\u00e9sben val\u00f3 r\u00e9szv\u00e9telre k\u00f6telezett (3 \u00e9ves) gyermek sz\u00fcl\u0151je, amennyiben gyermeke az \u00f3vodak\u00f6telezetts\u00e9g\u00e9t k\u00fclf\u00f6ld\u00f6n teljes\u00edti, k\u00f6teles arr\u00f3l a beiratkoz\u00e1s idej\u00e9nek utols\u00f3 hat\u00e1rnapj\u00e1t k\u00f6vet\u0151 tizen\u00f6t napon bel\u00fcl \u00edr\u00e1sban \u00e9rtes\u00edteni a gyermek lak\u00f3helye, ennek hi\u00e1ny\u00e1ban tart\u00f3zkod\u00e1si helye szerint illet\u00e9kes jegyz\u0151t.<\/p>\n<ol>\n<li><strong>A Forr\u00e1sk\u00fati Margar\u00e9t \u00d3voda \u00e9s B\u00f6lcs\u0151de az integr\u00e1ltan nevelhet\u0151 saj\u00e1tos nevel\u00e9si ig\u00e9ny\u0171 gyermekek felv\u00e9tel\u00e9re, \u00f3vodai nevel\u00e9s\u00e9nek biztos\u00edt\u00e1s\u00e1ra jogosult.<\/strong><\/li>\n<\/ol>\n<p><strong>\u00a0<\/strong><\/p>\n<p style=\"text-align: justify;\">A saj\u00e1tos nevel\u00e9si ig\u00e9ny\u0171 gyermekek k\u00f6z\u00fcl azon gyermekr\u0151l gondoskodik, akik a szak\u00e9rt\u0151i bizotts\u00e1g szak\u00e9rt\u0151i v\u00e9lem\u00e9nye alapj\u00e1n egy\u00e9b pszich\u00e9s fejl\u0151d\u00e9si zavarral (tanul\u00e1si, figyelem- vagy magatart\u00e1sszab\u00e1lyoz\u00e1si zavarral) k\u00fczdenek.<\/p>\n<ol>\n<li><strong>Az alap\u00edt\u00f3 okirat szerint nemzetis\u00e9gi nevel\u00e9st folytat\u00f3 \u00f3voda \u00e9s el\u00e9rhet\u0151s\u00e9ge: \u2014<\/strong><\/li>\n<li style=\"text-align: justify;\"><strong>A Forr\u00e1sk\u00fati Margar\u00e9t \u00d3voda \u00e9s B\u00f6lcs\u0151de felv\u00e9teli k\u00f6rzete<\/strong>: a telep\u00fcl\u00e9s teljes k\u00f6zigazgat\u00e1si ter\u00fclete, illetve szabad kapacit\u00e1s terh\u00e9re m\u00e1s telep\u00fcl\u00e9s k\u00f6zigazgat\u00e1si ter\u00fclete.<\/li>\n<\/ol>\n<ul>\n<li><strong>Az \u00f3vodai felv\u00e9tel t\u00e1rgy\u00e1ban meghozott d\u00f6nt\u00e9s k\u00f6zl\u00e9s\u00e9nek hat\u00e1rnapja:<\/strong> 2019. m\u00e1jus 31. napja.<\/li>\n<li style=\"text-align: justify;\"><strong>A jogorvoslati elj\u00e1r\u00e1s szab\u00e1lyai:<br \/>\n<\/strong>Az \u00f3vodavezet\u0151 \u00edr\u00e1sbeli d\u00f6nt\u00e9se ellen a sz\u00fcl\u0151i fel\u00fcgyeleti jogot gyakorl\u00f3 sz\u00fcl\u0151 a k\u00f6zl\u00e9st\u0151l sz\u00e1m\u00edtott tizen\u00f6t napon bel\u00fcl illet\u00e9kmentes fellebbez\u00e9si k\u00e9relmet ny\u00fajthat be a fenntart\u00f3hoz (\u00f6nkorm\u00e1nyzati fenntart\u00e1s\u00fa \u00f3vod\u00e1k eset\u00e9ben a jegyz\u0151h\u00f6z) c\u00edmezve az \u00f3voda vezet\u0151j\u00e9n\u00e9l. A fenntart\u00f3 nev\u00e9ben a jegyz\u0151 j\u00e1r el \u00e9s hoz m\u00e1sodfok\u00fa d\u00f6nt\u00e9st.<\/li>\n<\/ul>\n","protected":false},"excerpt":{"rendered":"<p>Az \u00f3vodai felv\u00e9tel, az \u00f3vodai jogviszony l\u00e9tes\u00edt\u00e9se a 2019\/20-es nevel\u00e9si \u00e9vben K\u00f6telez\u0151 be\u00edratni azt a gyermeket aki a harmadik \u00e9let\u00e9v\u00e9t 2019. augusztus 31-ig bet\u00f6lti, illetve bet\u00f6lt\u00f6tte Az \u00f3vodai beiratkoz\u00e1s id\u0151pontja: m\u00e1jus 8-9-10. napja (szerda, cs\u00fct\u00f6rt\u00f6k, p\u00e9ntek) 8:00-15:00 \u00f3ra Helye: Forr\u00e1sk\u00fati Margar\u00e9t \u00d3voda \u00e9s B\u00f6lcs\u0151de 6793 Forr\u00e1sk\u00fat, D\u00f3zsa Gy\u00f6rgy utca 10. A gyermek \u00f3vodai be\u00edrat\u00e1s\u00e1hoz sz\u00fcks\u00e9ges [&hellip;]<\/p>\n","protected":false},"author":2,"featured_media":0,"comment_status":"closed","ping_status":"open","sticky":false,"template":"","format":"standard","meta":{"_exactmetrics_skip_tracking":false,"_exactmetrics_sitenote_active":false,"_exactmetrics_sitenote_note":"","_exactmetrics_sitenote_category":0,"footnotes":""},"categories":[1],"tags":[],"yoast_head":"<!-- This site is optimized with the Yoast SEO plugin v23.4 - https:\/\/yoast.com\/wordpress\/plugins\/seo\/ -->\n<title>Fenntart\u00f3i k\u00f6zlem\u00e9ny a 2019\/20-as nevel\u00e9si \u00e9v \u00f3vodai beiratkoz\u00e1s rendj\u00e9r\u0151l - forraskut.hu<\/title>\n<meta name=\"robots\" content=\"index, follow, max-snippet:-1, max-image-preview:large, max-video-preview:-1\" \/>\n<link rel=\"canonical\" href=\"https:\/\/forraskut.hu\/index.php\/kozlemeny-a-2019-20-as-nevelesi-ev-ovodai-beiratkozas-rendjerol\/\" \/>\n<meta property=\"og:locale\" content=\"hu_HU\" \/>\n<meta property=\"og:type\" content=\"article\" \/>\n<meta property=\"og:title\" content=\"Fenntart\u00f3i k\u00f6zlem\u00e9ny a 2019\/20-as nevel\u00e9si \u00e9v \u00f3vodai beiratkoz\u00e1s rendj\u00e9r\u0151l - forraskut.hu\" \/>\n<meta property=\"og:description\" content=\"Az \u00f3vodai felv\u00e9tel, az \u00f3vodai jogviszony l\u00e9tes\u00edt\u00e9se a 2019\/20-es nevel\u00e9si \u00e9vben K\u00f6telez\u0151 be\u00edratni azt a gyermeket aki a harmadik \u00e9let\u00e9v\u00e9t 2019. augusztus 31-ig bet\u00f6lti, illetve bet\u00f6lt\u00f6tte Az \u00f3vodai beiratkoz\u00e1s id\u0151pontja: m\u00e1jus 8-9-10. napja (szerda, cs\u00fct\u00f6rt\u00f6k, p\u00e9ntek) 8:00-15:00 \u00f3ra Helye: Forr\u00e1sk\u00fati Margar\u00e9t \u00d3voda \u00e9s B\u00f6lcs\u0151de 6793 Forr\u00e1sk\u00fat, D\u00f3zsa Gy\u00f6rgy utca 10. A gyermek \u00f3vodai be\u00edrat\u00e1s\u00e1hoz sz\u00fcks\u00e9ges [&hellip;]\" \/>\n<meta property=\"og:url\" content=\"https:\/\/forraskut.hu\/index.php\/kozlemeny-a-2019-20-as-nevelesi-ev-ovodai-beiratkozas-rendjerol\/\" \/>\n<meta property=\"og:site_name\" content=\"forraskut.hu\" \/>\n<meta property=\"article:published_time\" content=\"2019-03-29T12:25:57+00:00\" \/>\n<meta property=\"article:modified_time\" content=\"2019-03-29T12:26:35+00:00\" \/>\n<meta name=\"author\" content=\"\u00d6rd\u00f6g Attila\" \/>\n<meta name=\"twitter:card\" content=\"summary_large_image\" \/>\n<meta name=\"twitter:label1\" content=\"Szerz\u0151:\" \/>\n\t<meta name=\"twitter:data1\" content=\"\u00d6rd\u00f6g Attila\" \/>\n\t<meta name=\"twitter:label2\" content=\"Becs\u00fclt olvas\u00e1si id\u0151\" \/>\n\t<meta name=\"twitter:data2\" content=\"4 perc\" \/>\n<script type=\"application\/ld+json\" class=\"yoast-schema-graph\">{\"@context\":\"https:\/\/schema.org\",\"@graph\":[{\"@type\":\"WebPage\",\"@id\":\"https:\/\/forraskut.hu\/index.php\/kozlemeny-a-2019-20-as-nevelesi-ev-ovodai-beiratkozas-rendjerol\/\",\"url\":\"https:\/\/forraskut.hu\/index.php\/kozlemeny-a-2019-20-as-nevelesi-ev-ovodai-beiratkozas-rendjerol\/\",\"name\":\"Fenntart\u00f3i k\u00f6zlem\u00e9ny a 2019\/20-as nevel\u00e9si \u00e9v \u00f3vodai beiratkoz\u00e1s rendj\u00e9r\u0151l - forraskut.hu\",\"isPartOf\":{\"@id\":\"https:\/\/forraskut.hu\/#website\"},\"datePublished\":\"2019-03-29T12:25:57+00:00\",\"dateModified\":\"2019-03-29T12:26:35+00:00\",\"author\":{\"@id\":\"https:\/\/forraskut.hu\/#\/schema\/person\/c9a884f241d1fd71f26c9493a315dfcc\"},\"breadcrumb\":{\"@id\":\"https:\/\/forraskut.hu\/index.php\/kozlemeny-a-2019-20-as-nevelesi-ev-ovodai-beiratkozas-rendjerol\/#breadcrumb\"},\"inLanguage\":\"hu\",\"potentialAction\":[{\"@type\":\"ReadAction\",\"target\":[\"https:\/\/forraskut.hu\/index.php\/kozlemeny-a-2019-20-as-nevelesi-ev-ovodai-beiratkozas-rendjerol\/\"]}]},{\"@type\":\"BreadcrumbList\",\"@id\":\"https:\/\/forraskut.hu\/index.php\/kozlemeny-a-2019-20-as-nevelesi-ev-ovodai-beiratkozas-rendjerol\/#breadcrumb\",\"itemListElement\":[{\"@type\":\"ListItem\",\"position\":1,\"name\":\"Kezd\u0151lap\",\"item\":\"https:\/\/forraskut.hu\/\"},{\"@type\":\"ListItem\",\"position\":2,\"name\":\"Fenntart\u00f3i k\u00f6zlem\u00e9ny a 2019\/20-as nevel\u00e9si \u00e9v \u00f3vodai beiratkoz\u00e1s rendj\u00e9r\u0151l\"}]},{\"@type\":\"WebSite\",\"@id\":\"https:\/\/forraskut.hu\/#website\",\"url\":\"https:\/\/forraskut.hu\/\",\"name\":\"forraskut.hu\",\"description\":\"Forr\u00e1sk\u00fat k\u00f6zs\u00e9g hivatalos weboldala\",\"potentialAction\":[{\"@type\":\"SearchAction\",\"target\":{\"@type\":\"EntryPoint\",\"urlTemplate\":\"https:\/\/forraskut.hu\/?s={search_term_string}\"},\"query-input\":{\"@type\":\"PropertyValueSpecification\",\"valueRequired\":true,\"valueName\":\"search_term_string\"}}],\"inLanguage\":\"hu\"},{\"@type\":\"Person\",\"@id\":\"https:\/\/forraskut.hu\/#\/schema\/person\/c9a884f241d1fd71f26c9493a315dfcc\",\"name\":\"\u00d6rd\u00f6g Attila\",\"image\":{\"@type\":\"ImageObject\",\"inLanguage\":\"hu\",\"@id\":\"https:\/\/forraskut.hu\/#\/schema\/person\/image\/\",\"url\":\"https:\/\/secure.gravatar.com\/avatar\/0957bfecd96d82739b49153153303524?s=96&d=mm&r=g\",\"contentUrl\":\"https:\/\/secure.gravatar.com\/avatar\/0957bfecd96d82739b49153153303524?s=96&d=mm&r=g\",\"caption\":\"\u00d6rd\u00f6g Attila\"},\"url\":\"https:\/\/forraskut.hu\/index.php\/author\/webmester\/\"}]}<\/script>\n<!-- \/ Yoast SEO plugin. -->","yoast_head_json":{"title":"Fenntart\u00f3i k\u00f6zlem\u00e9ny a 2019\/20-as nevel\u00e9si \u00e9v \u00f3vodai beiratkoz\u00e1s rendj\u00e9r\u0151l - forraskut.hu","robots":{"index":"index","follow":"follow","max-snippet":"max-snippet:-1","max-image-preview":"max-image-preview:large","max-video-preview":"max-video-preview:-1"},"canonical":"https:\/\/forraskut.hu\/index.php\/kozlemeny-a-2019-20-as-nevelesi-ev-ovodai-beiratkozas-rendjerol\/","og_locale":"hu_HU","og_type":"article","og_title":"Fenntart\u00f3i k\u00f6zlem\u00e9ny a 2019\/20-as nevel\u00e9si \u00e9v \u00f3vodai beiratkoz\u00e1s rendj\u00e9r\u0151l - forraskut.hu","og_description":"Az \u00f3vodai felv\u00e9tel, az \u00f3vodai jogviszony l\u00e9tes\u00edt\u00e9se a 2019\/20-es nevel\u00e9si \u00e9vben K\u00f6telez\u0151 be\u00edratni azt a gyermeket aki a harmadik \u00e9let\u00e9v\u00e9t 2019. augusztus 31-ig bet\u00f6lti, illetve bet\u00f6lt\u00f6tte Az \u00f3vodai beiratkoz\u00e1s id\u0151pontja: m\u00e1jus 8-9-10. napja (szerda, cs\u00fct\u00f6rt\u00f6k, p\u00e9ntek) 8:00-15:00 \u00f3ra Helye: Forr\u00e1sk\u00fati Margar\u00e9t \u00d3voda \u00e9s B\u00f6lcs\u0151de 6793 Forr\u00e1sk\u00fat, D\u00f3zsa Gy\u00f6rgy utca 10. A gyermek \u00f3vodai be\u00edrat\u00e1s\u00e1hoz sz\u00fcks\u00e9ges [&hellip;]","og_url":"https:\/\/forraskut.hu\/index.php\/kozlemeny-a-2019-20-as-nevelesi-ev-ovodai-beiratkozas-rendjerol\/","og_site_name":"forraskut.hu","article_published_time":"2019-03-29T12:25:57+00:00","article_modified_time":"2019-03-29T12:26:35+00:00","author":"\u00d6rd\u00f6g Attila","twitter_card":"summary_large_image","twitter_misc":{"Szerz\u0151:":"\u00d6rd\u00f6g Attila","Becs\u00fclt olvas\u00e1si id\u0151":"4 perc"},"schema":{"@context":"https:\/\/schema.org","@graph":[{"@type":"WebPage","@id":"https:\/\/forraskut.hu\/index.php\/kozlemeny-a-2019-20-as-nevelesi-ev-ovodai-beiratkozas-rendjerol\/","url":"https:\/\/forraskut.hu\/index.php\/kozlemeny-a-2019-20-as-nevelesi-ev-ovodai-beiratkozas-rendjerol\/","name":"Fenntart\u00f3i k\u00f6zlem\u00e9ny a 2019\/20-as nevel\u00e9si \u00e9v \u00f3vodai beiratkoz\u00e1s rendj\u00e9r\u0151l - forraskut.hu","isPartOf":{"@id":"https:\/\/forraskut.hu\/#website"},"datePublished":"2019-03-29T12:25:57+00:00","dateModified":"2019-03-29T12:26:35+00:00","author":{"@id":"https:\/\/forraskut.hu\/#\/schema\/person\/c9a884f241d1fd71f26c9493a315dfcc"},"breadcrumb":{"@id":"https:\/\/forraskut.hu\/index.php\/kozlemeny-a-2019-20-as-nevelesi-ev-ovodai-beiratkozas-rendjerol\/#breadcrumb"},"inLanguage":"hu","potentialAction":[{"@type":"ReadAction","target":["https:\/\/forraskut.hu\/index.php\/kozlemeny-a-2019-20-as-nevelesi-ev-ovodai-beiratkozas-rendjerol\/"]}]},{"@type":"BreadcrumbList","@id":"https:\/\/forraskut.hu\/index.php\/kozlemeny-a-2019-20-as-nevelesi-ev-ovodai-beiratkozas-rendjerol\/#breadcrumb","itemListElement":[{"@type":"ListItem","position":1,"name":"Kezd\u0151lap","item":"https:\/\/forraskut.hu\/"},{"@type":"ListItem","position":2,"name":"Fenntart\u00f3i k\u00f6zlem\u00e9ny a 2019\/20-as nevel\u00e9si \u00e9v \u00f3vodai beiratkoz\u00e1s rendj\u00e9r\u0151l"}]},{"@type":"WebSite","@id":"https:\/\/forraskut.hu\/#website","url":"https:\/\/forraskut.hu\/","name":"forraskut.hu","description":"Forr\u00e1sk\u00fat k\u00f6zs\u00e9g hivatalos weboldala","potentialAction":[{"@type":"SearchAction","target":{"@type":"EntryPoint","urlTemplate":"https:\/\/forraskut.hu\/?s={search_term_string}"},"query-input":{"@type":"PropertyValueSpecification","valueRequired":true,"valueName":"search_term_string"}}],"inLanguage":"hu"},{"@type":"Person","@id":"https:\/\/forraskut.hu\/#\/schema\/person\/c9a884f241d1fd71f26c9493a315dfcc","name":"\u00d6rd\u00f6g Attila","image":{"@type":"ImageObject","inLanguage":"hu","@id":"https:\/\/forraskut.hu\/#\/schema\/person\/image\/","url":"https:\/\/secure.gravatar.com\/avatar\/0957bfecd96d82739b49153153303524?s=96&d=mm&r=g","contentUrl":"https:\/\/secure.gravatar.com\/avatar\/0957bfecd96d82739b49153153303524?s=96&d=mm&r=g","caption":"\u00d6rd\u00f6g Attila"},"url":"https:\/\/forraskut.hu\/index.php\/author\/webmester\/"}]}},"_links":{"self":[{"href":"https:\/\/forraskut.hu\/index.php\/wp-json\/wp\/v2\/posts\/1539"}],"collection":[{"href":"https:\/\/forraskut.hu\/index.php\/wp-json\/wp\/v2\/posts"}],"about":[{"href":"https:\/\/forraskut.hu\/index.php\/wp-json\/wp\/v2\/types\/post"}],"author":[{"embeddable":true,"href":"https:\/\/forraskut.hu\/index.php\/wp-json\/wp\/v2\/users\/2"}],"replies":[{"embeddable":true,"href":"https:\/\/forraskut.hu\/index.php\/wp-json\/wp\/v2\/comments?post=1539"}],"version-history":[{"count":2,"href":"https:\/\/forraskut.hu\/index.php\/wp-json\/wp\/v2\/posts\/1539\/revisions"}],"predecessor-version":[{"id":1541,"href":"https:\/\/forraskut.hu\/index.php\/wp-json\/wp\/v2\/posts\/1539\/revisions\/1541"}],"wp:attachment":[{"href":"https:\/\/forraskut.hu\/index.php\/wp-json\/wp\/v2\/media?parent=1539"}],"wp:term":[{"taxonomy":"category","embeddable":true,"href":"https:\/\/forraskut.hu\/index.php\/wp-json\/wp\/v2\/categories?post=1539"},{"taxonomy":"post_tag","embeddable":true,"href":"https:\/\/forraskut.hu\/index.php\/wp-json\/wp\/v2\/tags?post=1539"}],"curies":[{"name":"wp","href":"https:\/\/api.w.org\/{rel}","templated":true}]}}