{"id":1532,"date":"2019-03-26T13:38:11","date_gmt":"2019-03-26T12:38:11","guid":{"rendered":"http:\/\/forraskut.hu\/?p=1532"},"modified":"2019-03-26T13:38:11","modified_gmt":"2019-03-26T12:38:11","slug":"3a-takarekszovetkezet-ugyfel-azonositas","status":"publish","type":"post","link":"https:\/\/forraskut.hu\/index.php\/3a-takarekszovetkezet-ugyfel-azonositas\/","title":{"rendered":"3A Takar\u00e9ksz\u00f6vetkezet \u00fcgyf\u00e9l azonos\u00edt\u00e1s"},"content":{"rendered":"<p><strong>Tisztelt \u00dcgyfel\u00fcnk!<\/strong><\/p>\n<p style=\"text-align: justify;\">\nA 2017.\u00e9vi LIII.t\u00f6rv\u00e9ny alapj\u00e1n P\u00e9nzint\u00e9zet\u00fcnknek <strong>2019.j\u00fanius 26-ig<\/strong> ism\u00e9t \u00e1t kell vil\u00e1g\u00edtania minden megl\u00e9v\u0151 \u00dcgyfel\u00e9t (meghatalmazottakat is) a r\u00f6gz\u00edtend\u0151 adatok \u00e9s nyilatkozatok k\u00f6r\u00e9nek b\u0151v\u00fcl\u00e9se \u00e9s az okiratok m\u00e1sol\u00e1si k\u00f6telezetts\u00e9ge miatt.<\/p>\n<p><!--more--><br \/>\n<strong>Az \u00d6n szem\u00e9lyes k\u00f6zrem\u0171k\u00f6d\u00e9se sz\u00fcks\u00e9ges az el\u0151\u00edr\u00e1sok hat\u00e1rid\u0151n bel\u00fcl t\u00f6rt\u00e9n\u0151 teljes\u00edt\u00e9s\u00e9hez!<\/strong><\/p>\n<p style=\"text-align: justify;\">\nTekintettel arra, hogy a 3A Takar\u00e9ksz\u00f6vetkezet 2019. j\u00fanius 26-\u00e1t k\u00f6vet\u0151en k\u00f6teles megtagadni a szolg\u00e1ltat\u00e1s teljes\u00edt\u00e9s\u00e9t abban az esetben, ha az \u00fcgyf\u00e9l \u00e1tvil\u00e1g\u00edt\u00e1s\u00e1nak eredm\u00e9nyei nem \u00e1llnak az \u00faj Pmt.<br \/>\nszerint teljesk\u00f6r\u0171en rendelkez\u00e9sre a Takar\u00e9ksz\u00f6vetkezet a k\u00f6vetkez\u0151 id\u0151pontokban \u00e9s helysz\u00edneken szem\u00e9lyes beazonos\u00edt\u00e1sra biztos\u00edt lehet\u0151s\u00e9get 2019. m\u00e1rcius 27.napt\u00f3l kezd\u0151d\u0151en:<\/p>\n<p>H\u00e9tf\u0151 8,30 &#8211; 15,30 \u00f3r\u00e1ig: Pusztaszer, K\u00f6zt\u00e1rsas\u00e1g t\u00e9r 1\/A.<br \/>\nKedd 8,30 &#8211; 15,30 \u00f3r\u00e1ig: Bord\u00e1ny, Benke Gedeon u.27.<br \/>\n<strong>Szerda 8,30 &#8211; 15,30 \u00f3r\u00e1ig: Forr\u00e1sk\u00fat, \u00daj u. 1.<\/strong><br \/>\nCs\u00fct\u00f6rt\u00f6k 8,30 &#8211; 11,30 \u00f3r\u00e1ig: Zsana, Kossuth u.5<br \/>\n12,00 &#8211; 15,30 \u00f3r\u00e1ig: Balotasz\u00e1ll\u00e1s, F\u0151 t\u00e9r 1.<br \/>\nP\u00e9ntek 8,30 &#8211; 13,30 \u00f3r\u00e1ig: Pusztam\u00e9rges, Szent I.u.10\/A.<\/p>\n<p><strong>P\u00e9nz\u00fcgyi szolg\u00e1ltat\u00e1s ig\u00e9nybev\u00e9tel\u00e9re a fi\u00f3kokban nincs lehet\u0151s\u00e9g, csak az azonos\u00edt\u00e1s elv\u00e9gz\u00e9s\u00e9re!<\/strong><\/p>\n<p><a href=\"http:\/\/forraskut.hu\/wp-content\/uploads\/2019\/03\/pmt-azonositas.pdf\">A teljes dokumentum itt olvashat\u00f3!<\/a> <img loading=\"lazy\" decoding=\"async\" class=\"aligncenter wp-image-1534 size-full\" src=\"http:\/\/forraskut.hu\/wp-content\/uploads\/2019\/03\/3A-takar\u00e9k-\u00e1tvil\u00e1g\u00edt\u00e1s.jpg\" alt=\"\" width=\"1240\" height=\"1754\" srcset=\"https:\/\/forraskut.hu\/wp-content\/uploads\/2019\/03\/3A-takar\u00e9k-\u00e1tvil\u00e1g\u00edt\u00e1s.jpg 1240w, https:\/\/forraskut.hu\/wp-content\/uploads\/2019\/03\/3A-takar\u00e9k-\u00e1tvil\u00e1g\u00edt\u00e1s-212x300.jpg 212w, https:\/\/forraskut.hu\/wp-content\/uploads\/2019\/03\/3A-takar\u00e9k-\u00e1tvil\u00e1g\u00edt\u00e1s-768x1086.jpg 768w, https:\/\/forraskut.hu\/wp-content\/uploads\/2019\/03\/3A-takar\u00e9k-\u00e1tvil\u00e1g\u00edt\u00e1s-724x1024.jpg 724w\" sizes=\"(max-width: 1240px) 100vw, 1240px\" \/><\/p>\n","protected":false},"excerpt":{"rendered":"<p>Tisztelt \u00dcgyfel\u00fcnk! A 2017.\u00e9vi LIII.t\u00f6rv\u00e9ny alapj\u00e1n P\u00e9nzint\u00e9zet\u00fcnknek 2019.j\u00fanius 26-ig ism\u00e9t \u00e1t kell vil\u00e1g\u00edtania minden megl\u00e9v\u0151 \u00dcgyfel\u00e9t (meghatalmazottakat is) a r\u00f6gz\u00edtend\u0151 adatok \u00e9s nyilatkozatok k\u00f6r\u00e9nek b\u0151v\u00fcl\u00e9se \u00e9s az okiratok m\u00e1sol\u00e1si k\u00f6telezetts\u00e9ge miatt.<\/p>\n","protected":false},"author":2,"featured_media":0,"comment_status":"closed","ping_status":"open","sticky":false,"template":"","format":"standard","meta":{"_exactmetrics_skip_tracking":false,"_exactmetrics_sitenote_active":false,"_exactmetrics_sitenote_note":"","_exactmetrics_sitenote_category":0,"footnotes":""},"categories":[1],"tags":[],"yoast_head":"<!-- This site is optimized with the Yoast SEO plugin v23.4 - https:\/\/yoast.com\/wordpress\/plugins\/seo\/ -->\n<title>3A Takar\u00e9ksz\u00f6vetkezet \u00fcgyf\u00e9l azonos\u00edt\u00e1s - forraskut.hu<\/title>\n<meta name=\"robots\" content=\"index, follow, max-snippet:-1, max-image-preview:large, max-video-preview:-1\" \/>\n<link rel=\"canonical\" href=\"https:\/\/forraskut.hu\/index.php\/3a-takarekszovetkezet-ugyfel-azonositas\/\" \/>\n<meta property=\"og:locale\" content=\"hu_HU\" \/>\n<meta property=\"og:type\" content=\"article\" \/>\n<meta property=\"og:title\" content=\"3A Takar\u00e9ksz\u00f6vetkezet \u00fcgyf\u00e9l azonos\u00edt\u00e1s - forraskut.hu\" \/>\n<meta property=\"og:description\" content=\"Tisztelt \u00dcgyfel\u00fcnk! A 2017.\u00e9vi LIII.t\u00f6rv\u00e9ny alapj\u00e1n P\u00e9nzint\u00e9zet\u00fcnknek 2019.j\u00fanius 26-ig ism\u00e9t \u00e1t kell vil\u00e1g\u00edtania minden megl\u00e9v\u0151 \u00dcgyfel\u00e9t (meghatalmazottakat is) a r\u00f6gz\u00edtend\u0151 adatok \u00e9s nyilatkozatok k\u00f6r\u00e9nek b\u0151v\u00fcl\u00e9se \u00e9s az okiratok m\u00e1sol\u00e1si k\u00f6telezetts\u00e9ge miatt.\" \/>\n<meta property=\"og:url\" content=\"https:\/\/forraskut.hu\/index.php\/3a-takarekszovetkezet-ugyfel-azonositas\/\" \/>\n<meta property=\"og:site_name\" content=\"forraskut.hu\" \/>\n<meta property=\"article:published_time\" content=\"2019-03-26T12:38:11+00:00\" \/>\n<meta name=\"author\" content=\"\u00d6rd\u00f6g Attila\" \/>\n<meta name=\"twitter:card\" content=\"summary_large_image\" \/>\n<meta name=\"twitter:label1\" content=\"Szerz\u0151:\" \/>\n\t<meta name=\"twitter:data1\" content=\"\u00d6rd\u00f6g Attila\" \/>\n\t<meta name=\"twitter:label2\" content=\"Becs\u00fclt olvas\u00e1si id\u0151\" \/>\n\t<meta name=\"twitter:data2\" content=\"1 perc\" \/>\n<script type=\"application\/ld+json\" class=\"yoast-schema-graph\">{\"@context\":\"https:\/\/schema.org\",\"@graph\":[{\"@type\":\"WebPage\",\"@id\":\"https:\/\/forraskut.hu\/index.php\/3a-takarekszovetkezet-ugyfel-azonositas\/\",\"url\":\"https:\/\/forraskut.hu\/index.php\/3a-takarekszovetkezet-ugyfel-azonositas\/\",\"name\":\"3A Takar\u00e9ksz\u00f6vetkezet \u00fcgyf\u00e9l azonos\u00edt\u00e1s - forraskut.hu\",\"isPartOf\":{\"@id\":\"https:\/\/forraskut.hu\/#website\"},\"datePublished\":\"2019-03-26T12:38:11+00:00\",\"dateModified\":\"2019-03-26T12:38:11+00:00\",\"author\":{\"@id\":\"https:\/\/forraskut.hu\/#\/schema\/person\/c9a884f241d1fd71f26c9493a315dfcc\"},\"breadcrumb\":{\"@id\":\"https:\/\/forraskut.hu\/index.php\/3a-takarekszovetkezet-ugyfel-azonositas\/#breadcrumb\"},\"inLanguage\":\"hu\",\"potentialAction\":[{\"@type\":\"ReadAction\",\"target\":[\"https:\/\/forraskut.hu\/index.php\/3a-takarekszovetkezet-ugyfel-azonositas\/\"]}]},{\"@type\":\"BreadcrumbList\",\"@id\":\"https:\/\/forraskut.hu\/index.php\/3a-takarekszovetkezet-ugyfel-azonositas\/#breadcrumb\",\"itemListElement\":[{\"@type\":\"ListItem\",\"position\":1,\"name\":\"Kezd\u0151lap\",\"item\":\"https:\/\/forraskut.hu\/\"},{\"@type\":\"ListItem\",\"position\":2,\"name\":\"3A Takar\u00e9ksz\u00f6vetkezet \u00fcgyf\u00e9l azonos\u00edt\u00e1s\"}]},{\"@type\":\"WebSite\",\"@id\":\"https:\/\/forraskut.hu\/#website\",\"url\":\"https:\/\/forraskut.hu\/\",\"name\":\"forraskut.hu\",\"description\":\"Forr\u00e1sk\u00fat k\u00f6zs\u00e9g hivatalos weboldala\",\"potentialAction\":[{\"@type\":\"SearchAction\",\"target\":{\"@type\":\"EntryPoint\",\"urlTemplate\":\"https:\/\/forraskut.hu\/?s={search_term_string}\"},\"query-input\":{\"@type\":\"PropertyValueSpecification\",\"valueRequired\":true,\"valueName\":\"search_term_string\"}}],\"inLanguage\":\"hu\"},{\"@type\":\"Person\",\"@id\":\"https:\/\/forraskut.hu\/#\/schema\/person\/c9a884f241d1fd71f26c9493a315dfcc\",\"name\":\"\u00d6rd\u00f6g Attila\",\"image\":{\"@type\":\"ImageObject\",\"inLanguage\":\"hu\",\"@id\":\"https:\/\/forraskut.hu\/#\/schema\/person\/image\/\",\"url\":\"https:\/\/secure.gravatar.com\/avatar\/0957bfecd96d82739b49153153303524?s=96&d=mm&r=g\",\"contentUrl\":\"https:\/\/secure.gravatar.com\/avatar\/0957bfecd96d82739b49153153303524?s=96&d=mm&r=g\",\"caption\":\"\u00d6rd\u00f6g Attila\"},\"url\":\"https:\/\/forraskut.hu\/index.php\/author\/webmester\/\"}]}<\/script>\n<!-- \/ Yoast SEO plugin. -->","yoast_head_json":{"title":"3A Takar\u00e9ksz\u00f6vetkezet \u00fcgyf\u00e9l azonos\u00edt\u00e1s - forraskut.hu","robots":{"index":"index","follow":"follow","max-snippet":"max-snippet:-1","max-image-preview":"max-image-preview:large","max-video-preview":"max-video-preview:-1"},"canonical":"https:\/\/forraskut.hu\/index.php\/3a-takarekszovetkezet-ugyfel-azonositas\/","og_locale":"hu_HU","og_type":"article","og_title":"3A Takar\u00e9ksz\u00f6vetkezet \u00fcgyf\u00e9l azonos\u00edt\u00e1s - forraskut.hu","og_description":"Tisztelt \u00dcgyfel\u00fcnk! A 2017.\u00e9vi LIII.t\u00f6rv\u00e9ny alapj\u00e1n P\u00e9nzint\u00e9zet\u00fcnknek 2019.j\u00fanius 26-ig ism\u00e9t \u00e1t kell vil\u00e1g\u00edtania minden megl\u00e9v\u0151 \u00dcgyfel\u00e9t (meghatalmazottakat is) a r\u00f6gz\u00edtend\u0151 adatok \u00e9s nyilatkozatok k\u00f6r\u00e9nek b\u0151v\u00fcl\u00e9se \u00e9s az okiratok m\u00e1sol\u00e1si k\u00f6telezetts\u00e9ge miatt.","og_url":"https:\/\/forraskut.hu\/index.php\/3a-takarekszovetkezet-ugyfel-azonositas\/","og_site_name":"forraskut.hu","article_published_time":"2019-03-26T12:38:11+00:00","author":"\u00d6rd\u00f6g Attila","twitter_card":"summary_large_image","twitter_misc":{"Szerz\u0151:":"\u00d6rd\u00f6g Attila","Becs\u00fclt olvas\u00e1si id\u0151":"1 perc"},"schema":{"@context":"https:\/\/schema.org","@graph":[{"@type":"WebPage","@id":"https:\/\/forraskut.hu\/index.php\/3a-takarekszovetkezet-ugyfel-azonositas\/","url":"https:\/\/forraskut.hu\/index.php\/3a-takarekszovetkezet-ugyfel-azonositas\/","name":"3A Takar\u00e9ksz\u00f6vetkezet \u00fcgyf\u00e9l azonos\u00edt\u00e1s - forraskut.hu","isPartOf":{"@id":"https:\/\/forraskut.hu\/#website"},"datePublished":"2019-03-26T12:38:11+00:00","dateModified":"2019-03-26T12:38:11+00:00","author":{"@id":"https:\/\/forraskut.hu\/#\/schema\/person\/c9a884f241d1fd71f26c9493a315dfcc"},"breadcrumb":{"@id":"https:\/\/forraskut.hu\/index.php\/3a-takarekszovetkezet-ugyfel-azonositas\/#breadcrumb"},"inLanguage":"hu","potentialAction":[{"@type":"ReadAction","target":["https:\/\/forraskut.hu\/index.php\/3a-takarekszovetkezet-ugyfel-azonositas\/"]}]},{"@type":"BreadcrumbList","@id":"https:\/\/forraskut.hu\/index.php\/3a-takarekszovetkezet-ugyfel-azonositas\/#breadcrumb","itemListElement":[{"@type":"ListItem","position":1,"name":"Kezd\u0151lap","item":"https:\/\/forraskut.hu\/"},{"@type":"ListItem","position":2,"name":"3A Takar\u00e9ksz\u00f6vetkezet \u00fcgyf\u00e9l azonos\u00edt\u00e1s"}]},{"@type":"WebSite","@id":"https:\/\/forraskut.hu\/#website","url":"https:\/\/forraskut.hu\/","name":"forraskut.hu","description":"Forr\u00e1sk\u00fat k\u00f6zs\u00e9g hivatalos weboldala","potentialAction":[{"@type":"SearchAction","target":{"@type":"EntryPoint","urlTemplate":"https:\/\/forraskut.hu\/?s={search_term_string}"},"query-input":{"@type":"PropertyValueSpecification","valueRequired":true,"valueName":"search_term_string"}}],"inLanguage":"hu"},{"@type":"Person","@id":"https:\/\/forraskut.hu\/#\/schema\/person\/c9a884f241d1fd71f26c9493a315dfcc","name":"\u00d6rd\u00f6g Attila","image":{"@type":"ImageObject","inLanguage":"hu","@id":"https:\/\/forraskut.hu\/#\/schema\/person\/image\/","url":"https:\/\/secure.gravatar.com\/avatar\/0957bfecd96d82739b49153153303524?s=96&d=mm&r=g","contentUrl":"https:\/\/secure.gravatar.com\/avatar\/0957bfecd96d82739b49153153303524?s=96&d=mm&r=g","caption":"\u00d6rd\u00f6g Attila"},"url":"https:\/\/forraskut.hu\/index.php\/author\/webmester\/"}]}},"_links":{"self":[{"href":"https:\/\/forraskut.hu\/index.php\/wp-json\/wp\/v2\/posts\/1532"}],"collection":[{"href":"https:\/\/forraskut.hu\/index.php\/wp-json\/wp\/v2\/posts"}],"about":[{"href":"https:\/\/forraskut.hu\/index.php\/wp-json\/wp\/v2\/types\/post"}],"author":[{"embeddable":true,"href":"https:\/\/forraskut.hu\/index.php\/wp-json\/wp\/v2\/users\/2"}],"replies":[{"embeddable":true,"href":"https:\/\/forraskut.hu\/index.php\/wp-json\/wp\/v2\/comments?post=1532"}],"version-history":[{"count":1,"href":"https:\/\/forraskut.hu\/index.php\/wp-json\/wp\/v2\/posts\/1532\/revisions"}],"predecessor-version":[{"id":1535,"href":"https:\/\/forraskut.hu\/index.php\/wp-json\/wp\/v2\/posts\/1532\/revisions\/1535"}],"wp:attachment":[{"href":"https:\/\/forraskut.hu\/index.php\/wp-json\/wp\/v2\/media?parent=1532"}],"wp:term":[{"taxonomy":"category","embeddable":true,"href":"https:\/\/forraskut.hu\/index.php\/wp-json\/wp\/v2\/categories?post=1532"},{"taxonomy":"post_tag","embeddable":true,"href":"https:\/\/forraskut.hu\/index.php\/wp-json\/wp\/v2\/tags?post=1532"}],"curies":[{"name":"wp","href":"https:\/\/api.w.org\/{rel}","templated":true}]}}