{"id":1507,"date":"2019-03-06T16:54:18","date_gmt":"2019-03-06T15:54:18","guid":{"rendered":"http:\/\/forraskut.hu\/?p=1507"},"modified":"2019-03-06T16:54:18","modified_gmt":"2019-03-06T15:54:18","slug":"marciusi-aktualitasok","status":"publish","type":"post","link":"https:\/\/forraskut.hu\/index.php\/marciusi-aktualitasok\/","title":{"rendered":"M\u00e1rciusi aktualit\u00e1sok"},"content":{"rendered":"<p>A falugazd\u00e1sz t\u00e1j\u00e9koztat\u00f3ja<\/p>\n<p><strong>Az \u0151stermel\u0151i igazolv\u00e1nyokkal kapcsolatos tudnival\u00f3k<\/strong><\/p>\n<p>A <strong>2016-ban ki\u00e1ll\u00edtott<\/strong> k\u00e1rtya alap\u00fa \u0151stermel\u0151i igazolv\u00e1nyokat 2016 , 2017 , \u00e9s 2018-ra \u00e9rv\u00e9nyes bet\u00e9tlappal l\u00e1ttuk el , ezek az igazolv\u00e1nyok <strong>2018. december 31-ig voltak \u00a0\u00e9rv\u00e9nyesek<\/strong>. ( F\u0151\u00e1ll\u00e1s\u00fa \u0151stermel\u0151k eset\u00e9ben kifejezetten fontos !). A hat\u00e1lyoss\u00e1g\u00a0 kezdeti d\u00e1tuma a k\u00e1rtya jobb als\u00f3 sark\u00e1ban tal\u00e1lhat\u00f3 . \u00a0<strong><u>Sajnos megt\u00e9veszt\u0151 a k\u00e1rty\u00e1n tal\u00e1lhat\u00f3 inform\u00e1ci\u00f3, ugyanis a hat\u00e1lyoss\u00e1g nem megegyez\u0151 az \u00e9rv\u00e9nyess\u00e9ggel .Az \u0151stermel\u0151i igazolv\u00e1ny csak akkor \u00e9rv\u00e9nyes , ha van a t\u00e1rgy\u00e9vre sz\u00f3l\u00f3 \u00e9rv\u00e9nyes \u00e9rt\u00e9kes\u00edt\u00e9si bet\u00e9tlapja ! ! !<\/u><\/strong><!--more--><\/p>\n<p><strong>\u00a0A 2019. m\u00e1rcius 20-ig<\/strong> ig\u00e9nyelt bet\u00e9tlapokkal az \u0151stermel\u0151i igazolv\u00e1ny visszamen\u0151leges hat\u00e1llyal <strong>janu\u00e1r 1-t\u0151l<\/strong> lesz \u00e9rv\u00e9nyes. M\u00e1rcius 20 ut\u00e1n ki\u00e1ll\u00edtott bet\u00e9tlappal az igazolv\u00e1ny csak a ki\u00e1ll\u00edt\u00e1s napj\u00e1t\u00f3l lesz \u00e9rv\u00e9nyes !<\/p>\n<p>Minden termel\u0151t arra k\u00e9rek, hogy n\u00e9zz\u00e9k \u00e1t a k\u00e1rtya alap\u00fa \u0151stermel\u0151i igazolv\u00e1nyaikat. Amennyiben a hat\u00e1lyoss\u00e1g\u00a0 <u>kezdete 2016. \u00e9vre esik<\/u>, \u00fagy az igazolv\u00e1ny bet\u00e9tlapjai lej\u00e1rtak , a 2019 \u00e9s 2020 \u2013ra \u00e9rv\u00e9nyes bet\u00e9tlapok ki\u00e1ll\u00edt\u00e1sa \u00fcgy\u00e9ben keressenek. Ezt az inform\u00e1ci\u00f3t a k\u00e1rtya jobb als\u00f3 , <strong>5-\u00f6s ponttal jelzett mez\u0151j\u00e9ben<\/strong> tal\u00e1lj\u00e1k meg:<\/p>\n<p>&nbsp;<\/p>\n<p><img loading=\"lazy\" decoding=\"async\" class=\"size-full wp-image-1394 aligncenter\" src=\"http:\/\/forraskut.hu\/wp-content\/uploads\/2019\/01\/ostermeloiig20190111.png\" alt=\"\" width=\"287\" height=\"167\" \/><\/p>\n<p style=\"text-align: center;\"><strong>\u201e Az igazolv\u00e1ny HAT\u00c1LYA az 5-\u00f6s pontban ellen\u0151rizhet\u0151 ! ! !\u201d<\/strong><\/p>\n<p>&nbsp;<\/p>\n<p><strong>\u00daj \u0151stermel\u0151i igazolv\u00e1ny ig\u00e9nyl\u00e9s<\/strong>\u00e9nek felt\u00e9telei az el\u0151z\u0151 sz\u00e1mokban szerepeltek ,a sz\u00fcks\u00e9ges dokumentumok: szem\u00e9lyi igazolv\u00e1ny , lakc\u00edmk\u00e1rtya , ad\u00f3azonos\u00edt\u00f3 jel , valamint a haszn\u00e1lt f\u00f6ldter\u00fcletekr\u0151l sz\u00f3l\u00f3 adatok. \u00a0( f\u00f6ldhaszn\u00e1lati lap , mag\u00e1nokirat stb.)<\/p>\n<p>K\u00e9t fontos v\u00e1ltoz\u00e1st emeln\u00e9k ki az el\u0151z\u0151 \u00e9vekhez viszony\u00edtva:<\/p>\n<p><strong>Minden , az \u00fcgyint\u00e9z\u00e9s sor\u00e1n keletkezett iratokon az \u00fcgyf\u00e9lnek az eredeti al\u00e1\u00edr\u00e1sa sz\u00fcks\u00e9ges<\/strong>, mivel az al\u00e1\u00edrt dokumentumok elektronikusan azonnal tov\u00e1bb\u00edt\u00e1sra fognak ker\u00fclni. Emiatt az a k\u00e9r\u00e9sem , hogy az \u00fcgyint\u00e9z\u00e9skor az igazolv\u00e1ny ki\u00e1ll\u00edt\u00e1s\u00e1ban \u00e9rintett szem\u00e9ly is jelenjen meg. Csak k\u00f6zjegyz\u0151 \u00e1ltal hiteles\u00edtett Meghatalmaz\u00e1st lehet elfogadnunk.( ezt is csatolnunk kell )<\/p>\n<p>Min\u0151s\u00e9gbiztos\u00edt\u00e1si \u00e9s egy\u00e9b elsz\u00e1mol\u00e1si okokb\u00f3l ezent\u00fal <strong><u>a falugazd\u00e1szn\u00e1l mindennem\u0171 \u00fcgyint\u00e9z\u00e9s csak az \u0151stermel\u0151i igazolv\u00e1ny,<\/u><\/strong> egy\u00e9ni v\u00e1llalkoz\u00f3k eset\u00e9ben <strong><u>a Kamarai k\u00e1rtya digit\u00e1lis beazonos\u00edt\u00e1sa<\/u><\/strong> ut\u00e1n lesz lehets\u00e9ges , ez\u00e9rt az a k\u00e9r\u00e9sem, hogy ezent\u00fal az \u00fcgyint\u00e9z\u00e9shez ezeket <strong>mindig hozz\u00e1k magukkal. <\/strong><\/p>\n<p>.<strong>A 2018-as ter\u00fcletalap\u00fa t\u00e1mogat\u00e1sokkal kapcsolatos inform\u00e1ci\u00f3k : <\/strong><\/p>\n<p>A 2018. \u00e9vi t\u00e1mogat\u00e1si el\u0151legek els\u0151 k\u00f6r\u00f6s kifizet\u00e9se megt\u00f6rt\u00e9nt \u00a0azon gazd\u00e1lkod\u00f3k eset\u00e9ben , ahol nem t\u00f6rt\u00e9nt ellen\u0151rz\u00e9s. Az ellen\u0151rz\u00e9ssel \u00e9rintett gazd\u00e1k t\u00e1mogat\u00e1sainak kifizet\u00e9se cs\u00faszni fog, ennek id\u0151tartam\u00e1r\u00f3l\u00a0 nincs inform\u00e1ci\u00f3nk. A m\u00e1sodik k\u00f6r\u00f6s kifizet\u00e9s elkezd\u0151d\u00f6tt, a teljes k\u00f6r\u0171 kifizet\u00e9seket j\u00fanius 30-ig kell teljes\u00edteni a Magyar \u00c1llamkincst\u00e1rnak. Ezekkel kapcsolatosan a kifizetett, vagy a kifizet\u00e9sre ker\u00fcl\u0151 \u00f6sszegekr\u0151l k\u00fcl\u00f6nb\u00f6z\u0151 id\u0151pontokban fognak majd hat\u00e1rozatokat kapni , melyeket c\u00e9lszer\u0171 egyeztetni az egyenleg\u00e9rtes\u00edt\u0151k\u00f6n szerepl\u0151 adatokkal.<\/p>\n<p><strong>Az anyajuhtart\u00e1s<\/strong> t\u00e1mogat\u00e1si k\u00e9relm\u00e9nek beny\u00fajt\u00e1si hat\u00e1rideje <strong>2019.m\u00e1rcius 20<\/strong>, csak elektronikusan lehet beny\u00fajtani, sz\u00fcks\u00e9ges hozz\u00e1 az <strong>instruktor igazol\u00e1sa<\/strong>.<\/p>\n<p>Azokn\u00e1l a gazd\u00e1kn\u00e1l, akik valamilyen beruh\u00e1z\u00e1si c\u00e9l\u00fa t\u00e1mogat\u00e1st , vagy egy\u00e9b magasabb szint\u0171 t\u00e1mogat\u00e1st vettek ig\u00e9nybe,s ha a t\u00e1mogat\u00e1si rendelet el\u0151\u00edrja , monitoring adatszolg\u00e1ltat\u00e1si k\u00f6telezetts\u00e9g\u00fck lesz, melyet szint\u00e9n elektronikusan kell teljes\u00edteni. (A sima ter\u00fcletalap\u00fa t\u00e1mogat\u00e1st ig\u00e9nyl\u0151 gazd\u00e1knak nincs ilyen k\u00f6telezetts\u00e9g\u00fck. )<\/p>\n<p>R\u00e9szletek k\u00e9s\u0151bb v\u00e1rhat\u00f3k.<\/p>\n<p><strong>\u00a0\u00a0\u00a0\u00a0\u00a0\u00a0\u00a0\u00a0\u00a0\u00a0\u00a0 \u00a0A<\/strong> nitr\u00e1t adatszolg\u00e1ltat\u00e1sra k\u00f6telezett gazd\u00e1lkod\u00f3knak (eml\u00e9keztet\u0151\u00fcl: 5 nagy\u00e1llat-egys\u00e9gn\u00e9l t\u00f6bb \u00e1llatot tartanak , vagy nitr\u00e1t \u00e9rz\u00e9keny ter\u00fcleten gazd\u00e1lkodnak ) a gazdas\u00e1gukban <strong>2018 janu\u00e1r 1 \u00e9s a 2018 december 31 k\u00f6z\u00f6tt <\/strong>keletkezett \u00e9s felhaszn\u00e1lt szerves \u2013 \u00e9s m\u0171tr\u00e1gya vonatkoz\u00e1s\u00e1ban a nitr\u00e1t jelent\u00e9st<strong>\u00a0 2019 m\u00e1rcius 31-ig kell elk\u00e9sz\u00edteni<\/strong>. Az \u00e9rintett gazd\u00e1lkod\u00f3kat k\u00e9rem , hogy egyeztet\u00e9sre jelentkezzenek.<\/p>\n<p><strong>A 2019. \u00e9vi t\u00e1mogat\u00e1sok ig\u00e9nyl\u00e9se<\/strong> v\u00e1rhat\u00f3an \u00e1prilis els\u0151 het\u00e9ben kezd\u0151dik, melyhez id\u0151pont egyeztet\u00e9s\u00e9re majd m\u00e1rcius v\u00e9g\u00e9t\u0151l lehet jelentkezni . A pontos felt\u00e9telek m\u00e9g nem ismertek , de alapjaiban nem fog v\u00e1ltozni a t\u00e1mogat\u00e1s rendszere. \u00c1prilis els\u0151-m\u00e1sodik het\u00e9ben t\u00e1j\u00e9koztat\u00f3 el\u0151ad\u00e1st szeretn\u00e9k majd tartani, melyr\u0151l \u00e9rtes\u00edt\u00e9ssel leszek.<\/p>\n<p>Az \u00fcgyf\u00e9lfogad\u00e1si id\u0151 n\u00e9mik\u00e9pp m\u00f3dosult, k\u00e9rem, figyelj\u00e9k az aktu\u00e1lis ki\u00edr\u00e1sokat.<\/p>\n<p>&nbsp;<\/p>\n<p>A csal\u00e1di gazdas\u00e1gok \u00fcgyint\u00e9z\u00e9se ezent\u00fal a M\u00f3rahalmi J\u00e1r\u00e1si Hivatal J\u00e1r\u00e1si F\u00f6ldhivatal\u00e1n\u00e1l t\u00f6rt\u00e9nik<\/p>\n<p>Az \u00fcgyint\u00e9z\u00e9shez ezeket az inform\u00e1ci\u00f3kat k\u00e9rem, vegy\u00e9k figyelembe.<\/p>\n<p><strong>2019 Janu\u00e1r 11-t\u0151l<\/strong> hat\u00e1lyos az \u00faj <strong>F\u00f6ldforgalmi T\u00f6rv\u00e9ny<\/strong>, mely a Term\u0151f\u00f6ldek ad\u00e1sv\u00e9tel\u00e9vel kapcsolatosan jelent\u0151s v\u00e1ltoztat\u00e1sokat eredm\u00e9nyezett. A r\u00e9szletekr\u0151l k\u00e9rem, \u00e9rdekl\u0151djenek<\/p>\n<p>Az Eur\u00f3pai Bizotts\u00e1g a k\u00f6zelm\u00faltban kijelentette, hogy a K\u00f6z\u00f6s Agr\u00e1rpolitika (KAP) forr\u00e1sainak egy r\u00e9sz\u00e9t a migr\u00e1nsok beilleszked\u00e9s\u00e9re k\u00edv\u00e1nja felhaszn\u00e1lni. Amennyiben az int\u00e9zked\u00e9s megval\u00f3sul, a magyar gazd\u00e1k jelent\u0151s eur\u00f3pai uni\u00f3s forr\u00e1sokt\u00f3l esnek el.<\/p>\n<p>Ezek a tervek vesz\u00e9lyeztetik a magyar gazd\u00e1k j\u00f6vedelm\u00e9t \u00e9s versenyk\u00e9pess\u00e9g\u00e9t, valamint a szektorban dolgoz\u00f3 munkav\u00e1llal\u00f3k meg\u00e9lhet\u00e9s\u00e9t.<\/p>\n<p>A MAGOSZ \u00e9s a Nemzeti Agr\u00e1rgazdas\u00e1gi Kamara a leghat\u00e1rozottabban ki\u00e1ll az agr\u00e1rt\u00e1mogat\u00e1sok megv\u00e9d\u00e9se mellett, egy Pet\u00edci\u00f3t k\u00edv\u00e1nnak beny\u00fajtani a Bizotts\u00e1gn\u00e1l, melynek c\u00e9lja , hogy a t\u00e1mogat\u00e1sokat tov\u00e1bbra is a gazd\u00e1k kapj\u00e1k meg.<\/p>\n<p>Ha \u00d6n is egyet\u00e9rt ezzel a c\u00e9llal, a Falugazd\u00e1sz irod\u00e1ban az al\u00e1\u00edr\u00e1s\u00e1val t\u00e1mogathatja a Pet\u00edci\u00f3t..<\/p>\n<p>Az aktu\u00e1lis inform\u00e1ci\u00f3k, p\u00e1ly\u00e1zati lehet\u0151s\u00e9gek a <a href=\"http:\/\/www.szechenyi2020.hu\">www.szechenyi2020.hu<\/a> , <a href=\"http:\/\/www.fvm.hu\/\">www.fvm.hu<\/a> , , a <a href=\"http:\/\/www.mvh.gov.hu\/\">www.mvh.gov.hu<\/a> \u00e9s a <a href=\"http:\/\/www.nak.hu\">www.nak.hu<\/a> honlapokon , k\u00e9rem figyelj\u00e9k ezeket az oldalakat is<\/p>\n<p><strong>\u00a0<\/strong><\/p>\n<p><strong>\u00a0\u00a0\u00a0\u00a0\u00a0\u00a0\u00a0\u00a0\u00a0\u00a0\u00a0\u00a0\u00a0\u00a0\u00a0\u00a0\u00a0\u00a0\u00a0\u00a0\u00a0\u00a0\u00a0\u00a0\u00a0\u00a0\u00a0\u00a0\u00a0\u00a0\u00a0\u00a0\u00a0\u00a0\u00a0\u00a0\u00a0\u00a0\u00a0\u00a0\u00a0\u00a0\u00a0\u00a0\u00a0\u00a0\u00a0\u00a0\u00a0\u00a0\u00a0\u00a0\u00a0\u00a0\u00a0\u00a0\u00a0\u00a0\u00a0\u00a0\u00a0\u00a0\u00a0\u00a0\u00a0\u00a0\u00a0\u00a0\u00a0\u00a0 Tisztelettel : Nemzeti Agr\u00e1rgazdas\u00e1gi Kamara<\/strong><\/p>\n","protected":false},"excerpt":{"rendered":"<p>A falugazd\u00e1sz t\u00e1j\u00e9koztat\u00f3ja Az \u0151stermel\u0151i igazolv\u00e1nyokkal kapcsolatos tudnival\u00f3k A 2016-ban ki\u00e1ll\u00edtott k\u00e1rtya alap\u00fa \u0151stermel\u0151i igazolv\u00e1nyokat 2016 , 2017 , \u00e9s 2018-ra \u00e9rv\u00e9nyes bet\u00e9tlappal l\u00e1ttuk el , ezek az igazolv\u00e1nyok 2018. december 31-ig voltak \u00a0\u00e9rv\u00e9nyesek. ( F\u0151\u00e1ll\u00e1s\u00fa \u0151stermel\u0151k eset\u00e9ben kifejezetten fontos !). A hat\u00e1lyoss\u00e1g\u00a0 kezdeti d\u00e1tuma a k\u00e1rtya jobb als\u00f3 sark\u00e1ban tal\u00e1lhat\u00f3 . \u00a0Sajnos megt\u00e9veszt\u0151 a [&hellip;]<\/p>\n","protected":false},"author":2,"featured_media":0,"comment_status":"closed","ping_status":"open","sticky":false,"template":"","format":"standard","meta":{"_exactmetrics_skip_tracking":false,"_exactmetrics_sitenote_active":false,"_exactmetrics_sitenote_note":"","_exactmetrics_sitenote_category":0,"footnotes":""},"categories":[12],"tags":[],"yoast_head":"<!-- This site is optimized with the Yoast SEO plugin v23.4 - https:\/\/yoast.com\/wordpress\/plugins\/seo\/ -->\n<title>M\u00e1rciusi aktualit\u00e1sok - forraskut.hu<\/title>\n<meta name=\"robots\" content=\"index, follow, max-snippet:-1, max-image-preview:large, max-video-preview:-1\" \/>\n<link rel=\"canonical\" href=\"https:\/\/forraskut.hu\/index.php\/marciusi-aktualitasok\/\" \/>\n<meta property=\"og:locale\" content=\"hu_HU\" \/>\n<meta property=\"og:type\" content=\"article\" \/>\n<meta property=\"og:title\" content=\"M\u00e1rciusi aktualit\u00e1sok - forraskut.hu\" \/>\n<meta property=\"og:description\" content=\"A falugazd\u00e1sz t\u00e1j\u00e9koztat\u00f3ja Az \u0151stermel\u0151i igazolv\u00e1nyokkal kapcsolatos tudnival\u00f3k A 2016-ban ki\u00e1ll\u00edtott k\u00e1rtya alap\u00fa \u0151stermel\u0151i igazolv\u00e1nyokat 2016 , 2017 , \u00e9s 2018-ra \u00e9rv\u00e9nyes bet\u00e9tlappal l\u00e1ttuk el , ezek az igazolv\u00e1nyok 2018. december 31-ig voltak \u00a0\u00e9rv\u00e9nyesek. ( F\u0151\u00e1ll\u00e1s\u00fa \u0151stermel\u0151k eset\u00e9ben kifejezetten fontos !). A hat\u00e1lyoss\u00e1g\u00a0 kezdeti d\u00e1tuma a k\u00e1rtya jobb als\u00f3 sark\u00e1ban tal\u00e1lhat\u00f3 . \u00a0Sajnos megt\u00e9veszt\u0151 a [&hellip;]\" \/>\n<meta property=\"og:url\" content=\"https:\/\/forraskut.hu\/index.php\/marciusi-aktualitasok\/\" \/>\n<meta property=\"og:site_name\" content=\"forraskut.hu\" \/>\n<meta property=\"article:published_time\" content=\"2019-03-06T15:54:18+00:00\" \/>\n<meta property=\"og:image\" content=\"http:\/\/forraskut.hu\/wp-content\/uploads\/2019\/01\/ostermeloiig20190111.png\" \/>\n<meta name=\"author\" content=\"\u00d6rd\u00f6g Attila\" \/>\n<meta name=\"twitter:card\" content=\"summary_large_image\" \/>\n<meta name=\"twitter:label1\" content=\"Szerz\u0151:\" \/>\n\t<meta name=\"twitter:data1\" content=\"\u00d6rd\u00f6g Attila\" \/>\n\t<meta name=\"twitter:label2\" content=\"Becs\u00fclt olvas\u00e1si id\u0151\" \/>\n\t<meta name=\"twitter:data2\" content=\"6 perc\" \/>\n<script type=\"application\/ld+json\" class=\"yoast-schema-graph\">{\"@context\":\"https:\/\/schema.org\",\"@graph\":[{\"@type\":\"WebPage\",\"@id\":\"https:\/\/forraskut.hu\/index.php\/marciusi-aktualitasok\/\",\"url\":\"https:\/\/forraskut.hu\/index.php\/marciusi-aktualitasok\/\",\"name\":\"M\u00e1rciusi aktualit\u00e1sok - forraskut.hu\",\"isPartOf\":{\"@id\":\"https:\/\/forraskut.hu\/#website\"},\"primaryImageOfPage\":{\"@id\":\"https:\/\/forraskut.hu\/index.php\/marciusi-aktualitasok\/#primaryimage\"},\"image\":{\"@id\":\"https:\/\/forraskut.hu\/index.php\/marciusi-aktualitasok\/#primaryimage\"},\"thumbnailUrl\":\"http:\/\/forraskut.hu\/wp-content\/uploads\/2019\/01\/ostermeloiig20190111.png\",\"datePublished\":\"2019-03-06T15:54:18+00:00\",\"dateModified\":\"2019-03-06T15:54:18+00:00\",\"author\":{\"@id\":\"https:\/\/forraskut.hu\/#\/schema\/person\/c9a884f241d1fd71f26c9493a315dfcc\"},\"breadcrumb\":{\"@id\":\"https:\/\/forraskut.hu\/index.php\/marciusi-aktualitasok\/#breadcrumb\"},\"inLanguage\":\"hu\",\"potentialAction\":[{\"@type\":\"ReadAction\",\"target\":[\"https:\/\/forraskut.hu\/index.php\/marciusi-aktualitasok\/\"]}]},{\"@type\":\"ImageObject\",\"inLanguage\":\"hu\",\"@id\":\"https:\/\/forraskut.hu\/index.php\/marciusi-aktualitasok\/#primaryimage\",\"url\":\"https:\/\/forraskut.hu\/wp-content\/uploads\/2019\/01\/ostermeloiig20190111.png\",\"contentUrl\":\"https:\/\/forraskut.hu\/wp-content\/uploads\/2019\/01\/ostermeloiig20190111.png\",\"width\":287,\"height\":167},{\"@type\":\"BreadcrumbList\",\"@id\":\"https:\/\/forraskut.hu\/index.php\/marciusi-aktualitasok\/#breadcrumb\",\"itemListElement\":[{\"@type\":\"ListItem\",\"position\":1,\"name\":\"Kezd\u0151lap\",\"item\":\"https:\/\/forraskut.hu\/\"},{\"@type\":\"ListItem\",\"position\":2,\"name\":\"M\u00e1rciusi aktualit\u00e1sok\"}]},{\"@type\":\"WebSite\",\"@id\":\"https:\/\/forraskut.hu\/#website\",\"url\":\"https:\/\/forraskut.hu\/\",\"name\":\"forraskut.hu\",\"description\":\"Forr\u00e1sk\u00fat k\u00f6zs\u00e9g hivatalos weboldala\",\"potentialAction\":[{\"@type\":\"SearchAction\",\"target\":{\"@type\":\"EntryPoint\",\"urlTemplate\":\"https:\/\/forraskut.hu\/?s={search_term_string}\"},\"query-input\":{\"@type\":\"PropertyValueSpecification\",\"valueRequired\":true,\"valueName\":\"search_term_string\"}}],\"inLanguage\":\"hu\"},{\"@type\":\"Person\",\"@id\":\"https:\/\/forraskut.hu\/#\/schema\/person\/c9a884f241d1fd71f26c9493a315dfcc\",\"name\":\"\u00d6rd\u00f6g Attila\",\"image\":{\"@type\":\"ImageObject\",\"inLanguage\":\"hu\",\"@id\":\"https:\/\/forraskut.hu\/#\/schema\/person\/image\/\",\"url\":\"https:\/\/secure.gravatar.com\/avatar\/0957bfecd96d82739b49153153303524?s=96&d=mm&r=g\",\"contentUrl\":\"https:\/\/secure.gravatar.com\/avatar\/0957bfecd96d82739b49153153303524?s=96&d=mm&r=g\",\"caption\":\"\u00d6rd\u00f6g Attila\"},\"url\":\"https:\/\/forraskut.hu\/index.php\/author\/webmester\/\"}]}<\/script>\n<!-- \/ Yoast SEO plugin. -->","yoast_head_json":{"title":"M\u00e1rciusi aktualit\u00e1sok - forraskut.hu","robots":{"index":"index","follow":"follow","max-snippet":"max-snippet:-1","max-image-preview":"max-image-preview:large","max-video-preview":"max-video-preview:-1"},"canonical":"https:\/\/forraskut.hu\/index.php\/marciusi-aktualitasok\/","og_locale":"hu_HU","og_type":"article","og_title":"M\u00e1rciusi aktualit\u00e1sok - forraskut.hu","og_description":"A falugazd\u00e1sz t\u00e1j\u00e9koztat\u00f3ja Az \u0151stermel\u0151i igazolv\u00e1nyokkal kapcsolatos tudnival\u00f3k A 2016-ban ki\u00e1ll\u00edtott k\u00e1rtya alap\u00fa \u0151stermel\u0151i igazolv\u00e1nyokat 2016 , 2017 , \u00e9s 2018-ra \u00e9rv\u00e9nyes bet\u00e9tlappal l\u00e1ttuk el , ezek az igazolv\u00e1nyok 2018. december 31-ig voltak \u00a0\u00e9rv\u00e9nyesek. ( F\u0151\u00e1ll\u00e1s\u00fa \u0151stermel\u0151k eset\u00e9ben kifejezetten fontos !). A hat\u00e1lyoss\u00e1g\u00a0 kezdeti d\u00e1tuma a k\u00e1rtya jobb als\u00f3 sark\u00e1ban tal\u00e1lhat\u00f3 . \u00a0Sajnos megt\u00e9veszt\u0151 a [&hellip;]","og_url":"https:\/\/forraskut.hu\/index.php\/marciusi-aktualitasok\/","og_site_name":"forraskut.hu","article_published_time":"2019-03-06T15:54:18+00:00","og_image":[{"url":"http:\/\/forraskut.hu\/wp-content\/uploads\/2019\/01\/ostermeloiig20190111.png"}],"author":"\u00d6rd\u00f6g Attila","twitter_card":"summary_large_image","twitter_misc":{"Szerz\u0151:":"\u00d6rd\u00f6g Attila","Becs\u00fclt olvas\u00e1si id\u0151":"6 perc"},"schema":{"@context":"https:\/\/schema.org","@graph":[{"@type":"WebPage","@id":"https:\/\/forraskut.hu\/index.php\/marciusi-aktualitasok\/","url":"https:\/\/forraskut.hu\/index.php\/marciusi-aktualitasok\/","name":"M\u00e1rciusi aktualit\u00e1sok - forraskut.hu","isPartOf":{"@id":"https:\/\/forraskut.hu\/#website"},"primaryImageOfPage":{"@id":"https:\/\/forraskut.hu\/index.php\/marciusi-aktualitasok\/#primaryimage"},"image":{"@id":"https:\/\/forraskut.hu\/index.php\/marciusi-aktualitasok\/#primaryimage"},"thumbnailUrl":"http:\/\/forraskut.hu\/wp-content\/uploads\/2019\/01\/ostermeloiig20190111.png","datePublished":"2019-03-06T15:54:18+00:00","dateModified":"2019-03-06T15:54:18+00:00","author":{"@id":"https:\/\/forraskut.hu\/#\/schema\/person\/c9a884f241d1fd71f26c9493a315dfcc"},"breadcrumb":{"@id":"https:\/\/forraskut.hu\/index.php\/marciusi-aktualitasok\/#breadcrumb"},"inLanguage":"hu","potentialAction":[{"@type":"ReadAction","target":["https:\/\/forraskut.hu\/index.php\/marciusi-aktualitasok\/"]}]},{"@type":"ImageObject","inLanguage":"hu","@id":"https:\/\/forraskut.hu\/index.php\/marciusi-aktualitasok\/#primaryimage","url":"https:\/\/forraskut.hu\/wp-content\/uploads\/2019\/01\/ostermeloiig20190111.png","contentUrl":"https:\/\/forraskut.hu\/wp-content\/uploads\/2019\/01\/ostermeloiig20190111.png","width":287,"height":167},{"@type":"BreadcrumbList","@id":"https:\/\/forraskut.hu\/index.php\/marciusi-aktualitasok\/#breadcrumb","itemListElement":[{"@type":"ListItem","position":1,"name":"Kezd\u0151lap","item":"https:\/\/forraskut.hu\/"},{"@type":"ListItem","position":2,"name":"M\u00e1rciusi aktualit\u00e1sok"}]},{"@type":"WebSite","@id":"https:\/\/forraskut.hu\/#website","url":"https:\/\/forraskut.hu\/","name":"forraskut.hu","description":"Forr\u00e1sk\u00fat k\u00f6zs\u00e9g hivatalos weboldala","potentialAction":[{"@type":"SearchAction","target":{"@type":"EntryPoint","urlTemplate":"https:\/\/forraskut.hu\/?s={search_term_string}"},"query-input":{"@type":"PropertyValueSpecification","valueRequired":true,"valueName":"search_term_string"}}],"inLanguage":"hu"},{"@type":"Person","@id":"https:\/\/forraskut.hu\/#\/schema\/person\/c9a884f241d1fd71f26c9493a315dfcc","name":"\u00d6rd\u00f6g Attila","image":{"@type":"ImageObject","inLanguage":"hu","@id":"https:\/\/forraskut.hu\/#\/schema\/person\/image\/","url":"https:\/\/secure.gravatar.com\/avatar\/0957bfecd96d82739b49153153303524?s=96&d=mm&r=g","contentUrl":"https:\/\/secure.gravatar.com\/avatar\/0957bfecd96d82739b49153153303524?s=96&d=mm&r=g","caption":"\u00d6rd\u00f6g Attila"},"url":"https:\/\/forraskut.hu\/index.php\/author\/webmester\/"}]}},"_links":{"self":[{"href":"https:\/\/forraskut.hu\/index.php\/wp-json\/wp\/v2\/posts\/1507"}],"collection":[{"href":"https:\/\/forraskut.hu\/index.php\/wp-json\/wp\/v2\/posts"}],"about":[{"href":"https:\/\/forraskut.hu\/index.php\/wp-json\/wp\/v2\/types\/post"}],"author":[{"embeddable":true,"href":"https:\/\/forraskut.hu\/index.php\/wp-json\/wp\/v2\/users\/2"}],"replies":[{"embeddable":true,"href":"https:\/\/forraskut.hu\/index.php\/wp-json\/wp\/v2\/comments?post=1507"}],"version-history":[{"count":1,"href":"https:\/\/forraskut.hu\/index.php\/wp-json\/wp\/v2\/posts\/1507\/revisions"}],"predecessor-version":[{"id":1508,"href":"https:\/\/forraskut.hu\/index.php\/wp-json\/wp\/v2\/posts\/1507\/revisions\/1508"}],"wp:attachment":[{"href":"https:\/\/forraskut.hu\/index.php\/wp-json\/wp\/v2\/media?parent=1507"}],"wp:term":[{"taxonomy":"category","embeddable":true,"href":"https:\/\/forraskut.hu\/index.php\/wp-json\/wp\/v2\/categories?post=1507"},{"taxonomy":"post_tag","embeddable":true,"href":"https:\/\/forraskut.hu\/index.php\/wp-json\/wp\/v2\/tags?post=1507"}],"curies":[{"name":"wp","href":"https:\/\/api.w.org\/{rel}","templated":true}]}}